{"id":14743,"date":"2019-07-05T14:42:56","date_gmt":"2019-07-05T17:42:56","guid":{"rendered":"https:\/\/www.paranapraia.com.br\/?p=14743"},"modified":"2019-07-05T14:42:57","modified_gmt":"2019-07-05T17:42:57","slug":"cursos-tecnicos-e-profissionalizantes-podem-facilitar-conquista-pelo-emprego","status":"publish","type":"post","link":"https:\/\/www.paranapraia.com.br\/index.php\/2019\/07\/05\/cursos-tecnicos-e-profissionalizantes-podem-facilitar-conquista-pelo-emprego\/","title":{"rendered":"Cursos t\u00e9cnicos e profissionalizantes podem facilitar conquista pelo emprego"},"content":{"rendered":"\n<h4 class=\"wp-block-heading\">O Instituto Impatec &#8211; Unifil oferece op\u00e7\u00f5es para quem busca atuar nas \u00e1reas administrativas, beleza, sa\u00fade, com\u00e9rcio e tecnologia<\/h4>\n\n\n\n<p>O<strong>&nbsp;Instituto Impatec \u2013 Unifil<\/strong>&nbsp;est\u00e1 com matr\u00edculas abertas em diversos cursos t\u00e9cnicos e profissionalizantes em Umuarama. \u00c9 a oportunidade ideal para quem busca se capacitar em uma institui\u00e7\u00e3o com uma \u00f3tima estrutura sem precisar investir alto em mensalidades e material did\u00e1tico.<\/p>\n\n\n\n<p>As aulas s\u00e3o ministradas tr\u00eas vezes na semana e aos s\u00e1bados em per\u00edodo integral. Na modalidade&nbsp;<strong>t\u00e9cnico&nbsp;<\/strong>h\u00e1 duas op\u00e7\u00f5es: Enfermagem e Radiologia, ambos com dura\u00e7\u00e3o de 18 meses. Nesta modalidade, \u00e9 preciso que o aluno tenha pelo menos o ensino m\u00e9dio completo para efetivar a matr\u00edcula. Aqueles que efetuarem a matr\u00edcula neste m\u00eas, al\u00e9m de ter acesso ao desconto de at\u00e9 40% nas mensalidades, ainda ganhar\u00e3o um jaleco.<\/p>\n\n\n\n<p>O&nbsp;<strong>Instituto Impatec \u2013 Unifil&nbsp;<\/strong>ainda possui na modalidade&nbsp;<strong>profissionalizante&nbsp;<\/strong>cursos para quem pretende atuar nas \u00e1reas administrativas, beleza, sa\u00fade, com\u00e9rcio, tecnologia, entre outros.<\/p>\n\n\n\n<figure class=\"wp-block-image\"><a href=\"https:\/\/s3.amazonaws.com\/umuarama.portaldacidade.com\/img\/news\/editor\/editor-5d1e511a9ac8b.jpeg\"><img decoding=\"async\" src=\"https:\/\/static.portaldacidade.com\/unsafe\/842x0\/https:\/\/s3.amazonaws.com\/umuarama.portaldacidade.com\/img\/news\/editor\/editor-5d1e511a9ac8b.jpeg\" alt=\"\"\/><\/a><\/figure>\n\n\n\n<p><strong>Confira os cursos oferecidos<\/strong><\/p>\n\n\n\n<p><strong>Cursos T\u00e9cnicos<\/strong><\/p>\n\n\n\n<p><em>Enfermagem<br>Radiologia&nbsp;<\/em><\/p>\n\n\n\n<p><strong>Profissionalizantes<\/strong><\/p>\n\n\n\n<p><em>Trabalhamos com os cursos Profissionalizantes de&nbsp;<br>Gest\u00e3o Administrativa&nbsp;&nbsp;<br>Cabeleireiro&nbsp;&nbsp;<br>Barbeiro&nbsp;<br>Est\u00e9tica Facial e Corporal<br>Instala\u00e7\u00e3o e Manuten\u00e7\u00e3o de Ar Condicionado<br>Manicure e Pedicure&nbsp;&nbsp;<br>Design de Sobrancelha&nbsp;&nbsp;<br>Maquiagem Profissional&nbsp;&nbsp;<br>Atendente de Farm\u00e1cia&nbsp;&nbsp;<br>Cuidador de Idosos&nbsp;&nbsp;<br>El\u00e9trica de Autos&nbsp;&nbsp;<br>Mec\u00e2nica de Autos&nbsp;&nbsp;<br>El\u00e9trica Residencial e Predial&nbsp;&nbsp;<br>Inform\u00e1tica&nbsp;&nbsp;<br>Hardware&nbsp;&nbsp;<br>Ingl\u00eas&nbsp;<\/em><\/p>\n\n\n\n<p><em><a href=\"https:\/\/api.whatsapp.com\/send?phone=554499007961&amp;text=Ol%C3%A1%2C%20via%20a%20mat%C3%A9ria%20no%20Portal%20da%20Cidade%20e%20gostaria%20de%20mais%20informa%C3%A7%C3%B5es%20sobre%20os%20cursos%20oferecidos\" target=\"_blank\" rel=\"noreferrer noopener\">Inicia uma conversa via WhasApp e tire suas d\u00favidas<\/a><\/em><\/p>\n\n\n\n<figure class=\"wp-block-image\"><a href=\"https:\/\/s3.amazonaws.com\/umuarama.portaldacidade.com\/img\/news\/editor\/editor-5d1e51020b4f3.jpeg\"><img decoding=\"async\" src=\"https:\/\/static.portaldacidade.com\/unsafe\/842x0\/https:\/\/s3.amazonaws.com\/umuarama.portaldacidade.com\/img\/news\/editor\/editor-5d1e51020b4f3.jpeg\" alt=\"\"\/><\/a><\/figure>\n\n\n\n<p><strong>Instituto Impatec\/Unifil<\/strong><\/p>\n\n\n\n<p>Avenida Governador Parigot de Souza, 3301 (Em frente \u00e0 feira de domingo)\u00a0<br>36249398 | 44 9900-7961\u00a0<\/p>\n\n\n\n<p>Portal da Cidade<\/p>\n","protected":false},"excerpt":{"rendered":"<p>O Instituto Impatec &#8211; Unifil oferece op\u00e7\u00f5es para quem busca atuar nas \u00e1reas administrativas, beleza, sa\u00fade, com\u00e9rcio e tecnologia O&nbsp;Instituto Impatec \u2013 Unifil&nbsp;est\u00e1 com matr\u00edculas abertas em diversos cursos t\u00e9cnicos e profissionalizantes em Umuarama. \u00c9 a oportunidade ideal para quem busca se capacitar em uma institui\u00e7\u00e3o com uma \u00f3tima estrutura sem precisar investir alto em [&hellip;]<\/p>\n","protected":false},"author":2,"featured_media":14744,"comment_status":"open","ping_status":"open","sticky":false,"template":"","format":"standard","meta":{"advanced_seo_description":"","jetpack_seo_html_title":"","jetpack_seo_noindex":false,"_jetpack_memberships_contains_paid_content":false,"footnotes":""},"categories":[1],"tags":[],"class_list":{"0":"post-14743","1":"post","2":"type-post","3":"status-publish","4":"format-standard","5":"has-post-thumbnail","7":"category-sem-categoria"},"jetpack_featured_media_url":"https:\/\/www.paranapraia.com.br\/wp-content\/uploads\/2019\/07\/toquinha.jpg","jetpack_sharing_enabled":true,"_links":{"self":[{"href":"https:\/\/www.paranapraia.com.br\/index.php\/wp-json\/wp\/v2\/posts\/14743"}],"collection":[{"href":"https:\/\/www.paranapraia.com.br\/index.php\/wp-json\/wp\/v2\/posts"}],"about":[{"href":"https:\/\/www.paranapraia.com.br\/index.php\/wp-json\/wp\/v2\/types\/post"}],"author":[{"embeddable":true,"href":"https:\/\/www.paranapraia.com.br\/index.php\/wp-json\/wp\/v2\/users\/2"}],"replies":[{"embeddable":true,"href":"https:\/\/www.paranapraia.com.br\/index.php\/wp-json\/wp\/v2\/comments?post=14743"}],"version-history":[{"count":1,"href":"https:\/\/www.paranapraia.com.br\/index.php\/wp-json\/wp\/v2\/posts\/14743\/revisions"}],"predecessor-version":[{"id":14745,"href":"https:\/\/www.paranapraia.com.br\/index.php\/wp-json\/wp\/v2\/posts\/14743\/revisions\/14745"}],"wp:featuredmedia":[{"embeddable":true,"href":"https:\/\/www.paranapraia.com.br\/index.php\/wp-json\/wp\/v2\/media\/14744"}],"wp:attachment":[{"href":"https:\/\/www.paranapraia.com.br\/index.php\/wp-json\/wp\/v2\/media?parent=14743"}],"wp:term":[{"taxonomy":"category","embeddable":true,"href":"https:\/\/www.paranapraia.com.br\/index.php\/wp-json\/wp\/v2\/categories?post=14743"},{"taxonomy":"post_tag","embeddable":true,"href":"https:\/\/www.paranapraia.com.br\/index.php\/wp-json\/wp\/v2\/tags?post=14743"}],"curies":[{"name":"wp","href":"https:\/\/api.w.org\/{rel}","templated":true}]}}