{"id":14734,"date":"2019-07-05T14:32:22","date_gmt":"2019-07-05T17:32:22","guid":{"rendered":"https:\/\/www.paranapraia.com.br\/?p=14734"},"modified":"2019-07-05T14:32:24","modified_gmt":"2019-07-05T17:32:24","slug":"inss-tem-pressa-para-comecar-pente-fino-nas-aposentadorias","status":"publish","type":"post","link":"https:\/\/www.paranapraia.com.br\/index.php\/2019\/07\/05\/inss-tem-pressa-para-comecar-pente-fino-nas-aposentadorias\/","title":{"rendered":"INSS tem pressa para come\u00e7ar pente-fino nas aposentadorias"},"content":{"rendered":"\n<h4 class=\"wp-block-heading\">Programa de revis\u00e3o s\u00f3 se tornou vi\u00e1vel na \u00faltima ter\u00e7a (2) com a aprova\u00e7\u00e3o pelo Congresso da previs\u00e3o de gastos de R$ 223,8 milh\u00f5es<\/h4>\n\n\n\n<p>O pente-fino nos benef\u00edcios com ind\u00edcios de irregularidade vai come\u00e7ar \u201co mais r\u00e1pido poss\u00edvel\u201d, afirmou nesta quinta-feira (4) o diretor de atendimento do INSS, Cl\u00f3vis de Castro J\u00fanior.<\/p>\n\n\n\n<p>Criado em janeiro, por medida provis\u00f3ria do presidente Jair Bolsonaro, o programa de revis\u00e3o s\u00f3 se tornou vi\u00e1vel na \u00faltima ter\u00e7a (2) com a aprova\u00e7\u00e3o pelo Congresso da previs\u00e3o de gastos de R$ 223,8 milh\u00f5es para o pagamento de b\u00f4nus a servidores que participarem do pente-fino.<\/p>\n\n\n\n<p>Nele, servidores administrativos v\u00e3o revisar benef\u00edcios com ind\u00edcios de irregularidades apontados pelo TCU (Tribunal de Contas da Uni\u00e3o) e por outros \u00f3rg\u00e3os fiscalizadores da administra\u00e7\u00e3o p\u00fablica.<\/p>\n\n\n\n<p>\u201cAs partes mais dif\u00edceis j\u00e1 foram conclu\u00eddas\u201d, disse Castro J\u00fanior. \u201c\u00c9 quest\u00e3o de burocracia interna\u201d, comentou.<br>O in\u00edcio da revis\u00e3o, que poder\u00e1 ocorrer em poucas semanas ou at\u00e9 mesmo em alguns dias, tamb\u00e9m traz a possibilidade de destravamento da fila de espera por aposentadorias.<\/p>\n\n\n\n<p>Al\u00e9m de revisar casos suspeitos, o programa permite o pagamento de bonifica\u00e7\u00f5es a servidores que realizarem an\u00e1lises de pedidos parados h\u00e1 mais de 45 dias -prazo oficial do INSS para a resposta aos requerimentos.<br>Hoje, a espera m\u00e9dia por resposta est\u00e1 na casa dos cinco meses.<\/p>\n\n\n\n<p>A expectativa \u00e9 que a bonifica\u00e7\u00e3o, paga a servidores que realizarem jornadas ou an\u00e1lises extraordin\u00e1rias, ou seja, que fa\u00e7am hora extra, compense as baixas nos quadros do \u00f3rg\u00e3o devido a pedidos de aposentadoria de funcion\u00e1rios. \u201cN\u00f3s estamos fazendo isso para apagar um inc\u00eandio\u201d, afirmou.<\/p>\n\n\n\n<p>Sem previs\u00e3o de abertura de concurso para repor quadros de funcion\u00e1rios, o INSS aposta na automa\u00e7\u00e3o do atendimento para atender aos segurados.<\/p>\n\n\n\n<p>Em 2018 o INSS realizava cerca de 6.000 atendimentos autom\u00e1ticos por m\u00eas. Neste ano, o n\u00famero de atendimentos sem a participa\u00e7\u00e3o de funcion\u00e1rios alcan\u00e7ou a marca de 130 mil.<\/p>\n\n\n\n<p>\u201cQueremos que a maioria dos atendimentos ocorra de forma autom\u00e1tica, n\u00e3o vamos contar com b\u00f4nus a vida inteira\u201d, disse o diretor.<\/p>\n\n\n\n<h2 class=\"wp-block-heading\">Entenda<\/h2>\n\n\n\n<p>O pente-fino \u00e9 dividido em duas frentes: revis\u00f5es de benef\u00edcios por incapacidade e an\u00e1lises de aposentadorias e pens\u00f5es com suspeita de irregularidades.<\/p>\n\n\n\n<p>Na frente voltada aos casos de incapacidade (aposentadorias por invalidez e aux\u00edlios-doen\u00e7a), benefici\u00e1rios que n\u00e3o passam por per\u00edcia h\u00e1 mais de seis meses poder\u00e3o ser chamados para serem examinados. Peritos previdenci\u00e1rios receber\u00e3o b\u00f4nus de R$ 61,72 por exame realizado.<\/p>\n\n\n\n<p>As revis\u00f5es de aposentadorias e pens\u00f5es com ind\u00edcios de irregularidades ser\u00e3o realizadas por servidores dos setores administrativos do INSS. Cada processo revisado render\u00e1 bonifica\u00e7\u00e3o de R$ 57,50 ao funcion\u00e1rio.<\/p>\n\n\n\n<p>BandaB<\/p>\n\n\n\n<p><br><br><\/p>\n","protected":false},"excerpt":{"rendered":"<p>Programa de revis\u00e3o s\u00f3 se tornou vi\u00e1vel na \u00faltima ter\u00e7a (2) com a aprova\u00e7\u00e3o pelo Congresso da previs\u00e3o de gastos de R$ 223,8 milh\u00f5es O pente-fino nos benef\u00edcios com ind\u00edcios de irregularidade vai come\u00e7ar \u201co mais r\u00e1pido poss\u00edvel\u201d, afirmou nesta quinta-feira (4) o diretor de atendimento do INSS, Cl\u00f3vis de Castro J\u00fanior. Criado em janeiro, [&hellip;]<\/p>\n","protected":false},"author":2,"featured_media":14735,"comment_status":"open","ping_status":"open","sticky":false,"template":"","format":"standard","meta":{"advanced_seo_description":"","jetpack_seo_html_title":"","jetpack_seo_noindex":false,"_jetpack_memberships_contains_paid_content":false,"footnotes":""},"categories":[43],"tags":[],"class_list":{"0":"post-14734","1":"post","2":"type-post","3":"status-publish","4":"format-standard","5":"has-post-thumbnail","7":"category-cotidiano"},"jetpack_featured_media_url":"https:\/\/www.paranapraia.com.br\/wp-content\/uploads\/2019\/07\/inss.jpg","jetpack_sharing_enabled":true,"_links":{"self":[{"href":"https:\/\/www.paranapraia.com.br\/index.php\/wp-json\/wp\/v2\/posts\/14734"}],"collection":[{"href":"https:\/\/www.paranapraia.com.br\/index.php\/wp-json\/wp\/v2\/posts"}],"about":[{"href":"https:\/\/www.paranapraia.com.br\/index.php\/wp-json\/wp\/v2\/types\/post"}],"author":[{"embeddable":true,"href":"https:\/\/www.paranapraia.com.br\/index.php\/wp-json\/wp\/v2\/users\/2"}],"replies":[{"embeddable":true,"href":"https:\/\/www.paranapraia.com.br\/index.php\/wp-json\/wp\/v2\/comments?post=14734"}],"version-history":[{"count":1,"href":"https:\/\/www.paranapraia.com.br\/index.php\/wp-json\/wp\/v2\/posts\/14734\/revisions"}],"predecessor-version":[{"id":14736,"href":"https:\/\/www.paranapraia.com.br\/index.php\/wp-json\/wp\/v2\/posts\/14734\/revisions\/14736"}],"wp:featuredmedia":[{"embeddable":true,"href":"https:\/\/www.paranapraia.com.br\/index.php\/wp-json\/wp\/v2\/media\/14735"}],"wp:attachment":[{"href":"https:\/\/www.paranapraia.com.br\/index.php\/wp-json\/wp\/v2\/media?parent=14734"}],"wp:term":[{"taxonomy":"category","embeddable":true,"href":"https:\/\/www.paranapraia.com.br\/index.php\/wp-json\/wp\/v2\/categories?post=14734"},{"taxonomy":"post_tag","embeddable":true,"href":"https:\/\/www.paranapraia.com.br\/index.php\/wp-json\/wp\/v2\/tags?post=14734"}],"curies":[{"name":"wp","href":"https:\/\/api.w.org\/{rel}","templated":true}]}}