{"id":14496,"date":"2019-07-02T17:29:30","date_gmt":"2019-07-02T20:29:30","guid":{"rendered":"https:\/\/www.paranapraia.com.br\/?p=14496"},"modified":"2019-07-02T17:29:31","modified_gmt":"2019-07-02T20:29:31","slug":"desmatamento-na-amazonia-em-junho-e-o-pior-desde-2016","status":"publish","type":"post","link":"https:\/\/www.paranapraia.com.br\/index.php\/2019\/07\/02\/desmatamento-na-amazonia-em-junho-e-o-pior-desde-2016\/","title":{"rendered":"Desmatamento na Amaz\u00f4nia em junho \u00e9 o pior desde 2016"},"content":{"rendered":"\n<h4 class=\"wp-block-heading\">Sistema do governo que faz alertas de desmatamento registra derrubada de 769 km\u00b2 de florestas. Especialista lembra que desmatamento aumenta no per\u00edodo de seca a partir de maio e junho.<\/h4>\n\n\n\n<p> Um sistema mantido pelo governo federal para fiscalizar alertas de focos de desmatamento no Brasil mostra que o \u00edndice de desmatamento relativo a junho de 2019 \u00e9 o segundo maior j\u00e1 registrado pelo sistema, e s\u00f3 perde para junho de 2016. <\/p>\n\n\n\n<p>O territ\u00f3rio da Amaz\u00f4nia Legal desmatado chegou a 769 km\u00b2 entre 1\u00ba e 28 de junho, segundo dados atualizados do sistema Terra Brasilis, do Inpe. Os n\u00fameros dispon\u00edveis no come\u00e7o da tarde desta ter\u00e7a-feira (2) ainda n\u00e3o consideravam os dados de s\u00e1bado (29) e domingo (30). No m\u00eas anterior, o desmatamento foi de 735 km\u00b2. Em junho de 2016, o desmatamento foi de 951 km\u00b2.<\/p>\n\n\n\n<p>Os dados acima excluem a perda de vegeta\u00e7\u00e3o causada por fatores como inc\u00eandios florestais e explora\u00e7\u00e3o comercial de florestas plantadas. Se consideradas todas as categorias, o desmatamento em junho de 2019 chegaria a 1,7 mil km\u00b2, sendo que em 2016 ele foi de 6,8 mil km\u00b2.<\/p>\n\n\n\n<figure class=\"wp-block-image\"><img decoding=\"async\" src=\"https:\/\/s2.glbimg.com\/k2usyDDHqTc2Uvf8SH2lramXWpU=\/0x0:624x351\/984x0\/smart\/filters:strip_icc()\/i.s3.glbimg.com\/v1\/AUTH_59edd422c0c84a879bd37670ae4f538a\/internal_photos\/bs\/2019\/G\/h\/v86cwTRcyGQBGM0MxBlw\/amazonia-credito-paulo-whitaker-reuters.jpg\" alt=\"Desmatamento na Amaz\u00f4nia \u2014 Foto: Paulo Whitaker\/Reuters\"\/><\/figure>\n\n\n\n<p>Desmatamento na Amaz\u00f4nia \u2014 Foto: Paulo Whitaker\/Reuters<\/p>\n\n\n\n<h2 class=\"wp-block-heading\">Per\u00edodo de desmatamento<\/h2>\n\n\n\n<p>Segundo Carlos Rittl, diretor-executivo do Observat\u00f3rio do Clima, todos os anos o desmatamento se intensifica a partir de maio, quando o n\u00edvel de chuva diminui na maior parte do pa\u00eds. Os dados indicam, segundo ele, que a abertura desta \u201ctemporada de seca\u201d foi pior do que o ano anterior.<\/p>\n\n\n\n<p>O Terra Brasilis foi criado em 2015 pelo Instituto Nacional de Pesquisas Espaciais (Inpe). Ele \u00e9 alimentado com dados do Sistema de Detec\u00e7\u00e3o de Desmatamento em Tempo Real (Deter), um \u201csistema de alerta para dar suporte \u00e0 fiscaliza\u00e7\u00e3o e controle de desmatamento e da degrada\u00e7\u00e3o florestal\u201d ao Instituto Brasileiro de Meio Ambiente (Ibama).<\/p>\n\n\n\n<p>Por\u00e9m, o dado n\u00e3o \u00e9 a \u00fanica fonte para medir o territ\u00f3rio desmatado: precisa ser analisado junto a outras fontes de informa\u00e7\u00e3o sobre o desmatamento.<\/p>\n\n\n\n<p>De acordo com Cl\u00e1udio Almeida, coordenador do Programa de Monitoramento da Amaz\u00f4nia do Inpe, mais de 10 mil alertas s\u00e3o enviados todo aos \u00f3rg\u00e3os de fiscaliza\u00e7\u00e3o federais e estaduais. &#8220;N\u00e3o faltam alertas. Os \u00f3rg\u00e3os de fiscaliza\u00e7\u00e3o t\u00eam alertas suficientes para fazer seu trabalho&#8221;, disse ao Jornal Hoje.<\/p>\n\n\n\n<h2 class=\"wp-block-heading\"><strong>Metodologias<\/strong><\/h2>\n\n\n\n<p>Os dados compilados no sistema Terra Brasilis n\u00e3o t\u00eam o foco de consolidar o desmatamento no bioma da mesma forma que \u00e9 feito, por exemplo, pelo sistema do MapBiomas \u2013 mantido por entidades \u2013 ou do Programa de Monitoramento da Floresta Amaz\u00f4nica Brasileira por Sat\u00e9lite (Prodes).<\/p>\n\n\n\n<p>O MapBiomas re\u00fane informa\u00e7\u00f5es coletadas ao longo de todo o ano e faz a limpeza e verifica\u00e7\u00e3o dos dados, eliminando por exemplo nuvens e outras poss\u00edveis interfer\u00eancias para apresentar o dado consolidado do ano anterior. Tomando como base o Deter, que tamb\u00e9m \u00e9 usado pelo Terra Brasilis, o MapBiomas tamb\u00e9m lan\u00e7ou recentemente um sistema de alertas de desmatamento que promete ajudar na aplica\u00e7\u00e3o de multas.<\/p>\n\n\n\n<h2 class=\"wp-block-heading\">Press\u00e3o internacional<\/h2>\n\n\n\n<p>Os dados do desmatamento ganham destaque ap\u00f3s o compromisso do Brasil com a preserva\u00e7\u00e3o ambiental ser questionado por l\u00edderes europeus. Primeiro, dias antes da reuni\u00e3o do G20, a chanceler alem\u00e3,\u00a0Angela Merkel, disse que queria &#8220;discuss\u00e3o clara&#8221; com Bolsonaro sobre desmatamento.<\/p>\n\n\n\n<p>E nesta ter\u00e7a-feira, o ministro franc\u00eas do Meio Ambiente, Fran\u00e7ois de Rugy, afirmou que o tratado UE-Mercosul &#8220;s\u00f3 ser\u00e1 ratificado se o Brasil respeitar os seus compromissos&#8221;, especialmente em rela\u00e7\u00e3o \u00e0 luta contra o desmatamento da Amaz\u00f4nia.<\/p>\n\n\n\n<figure class=\"wp-block-image\"><img decoding=\"async\" src=\"https:\/\/s2.glbimg.com\/MXBO2LiJb4RscVlbBHcddJ7b9pE=\/0x0:1600x2715\/984x0\/smart\/filters:strip_icc()\/i.s3.glbimg.com\/v1\/AUTH_59edd422c0c84a879bd37670ae4f538a\/internal_photos\/bs\/2019\/T\/G\/ka16SXSZO2M6x2a1eZOw\/arte-1-caminho-mudanca-terra-amazonia.jpg\" alt=\"Caminho da mudan\u00e7a da terra na Amaz\u00f4nia \u2014 Foto: Rodrigo Sanches\/G1\"\/><\/figure>\n\n\n\n<p>Caminho da mudan\u00e7a da terra na Amaz\u00f4nia \u2014 Foto: Rodrigo Sanches\/G1<\/p>\n\n\n\n<p>G1<\/p>\n","protected":false},"excerpt":{"rendered":"<p>Sistema do governo que faz alertas de desmatamento registra derrubada de 769 km\u00b2 de florestas. Especialista lembra que desmatamento aumenta no per\u00edodo de seca a partir de maio e junho. Um sistema mantido pelo governo federal para fiscalizar alertas de focos de desmatamento no Brasil mostra que o \u00edndice de desmatamento relativo a junho de [&hellip;]<\/p>\n","protected":false},"author":2,"featured_media":14499,"comment_status":"open","ping_status":"open","sticky":false,"template":"","format":"standard","meta":{"advanced_seo_description":"","jetpack_seo_html_title":"","jetpack_seo_noindex":false,"_jetpack_memberships_contains_paid_content":false,"footnotes":""},"categories":[34],"tags":[],"class_list":{"0":"post-14496","1":"post","2":"type-post","3":"status-publish","4":"format-standard","5":"has-post-thumbnail","7":"category-meio-ambiente"},"jetpack_featured_media_url":"https:\/\/www.paranapraia.com.br\/wp-content\/uploads\/2019\/07\/glovo.jpg","jetpack_sharing_enabled":true,"_links":{"self":[{"href":"https:\/\/www.paranapraia.com.br\/index.php\/wp-json\/wp\/v2\/posts\/14496"}],"collection":[{"href":"https:\/\/www.paranapraia.com.br\/index.php\/wp-json\/wp\/v2\/posts"}],"about":[{"href":"https:\/\/www.paranapraia.com.br\/index.php\/wp-json\/wp\/v2\/types\/post"}],"author":[{"embeddable":true,"href":"https:\/\/www.paranapraia.com.br\/index.php\/wp-json\/wp\/v2\/users\/2"}],"replies":[{"embeddable":true,"href":"https:\/\/www.paranapraia.com.br\/index.php\/wp-json\/wp\/v2\/comments?post=14496"}],"version-history":[{"count":1,"href":"https:\/\/www.paranapraia.com.br\/index.php\/wp-json\/wp\/v2\/posts\/14496\/revisions"}],"predecessor-version":[{"id":14500,"href":"https:\/\/www.paranapraia.com.br\/index.php\/wp-json\/wp\/v2\/posts\/14496\/revisions\/14500"}],"wp:featuredmedia":[{"embeddable":true,"href":"https:\/\/www.paranapraia.com.br\/index.php\/wp-json\/wp\/v2\/media\/14499"}],"wp:attachment":[{"href":"https:\/\/www.paranapraia.com.br\/index.php\/wp-json\/wp\/v2\/media?parent=14496"}],"wp:term":[{"taxonomy":"category","embeddable":true,"href":"https:\/\/www.paranapraia.com.br\/index.php\/wp-json\/wp\/v2\/categories?post=14496"},{"taxonomy":"post_tag","embeddable":true,"href":"https:\/\/www.paranapraia.com.br\/index.php\/wp-json\/wp\/v2\/tags?post=14496"}],"curies":[{"name":"wp","href":"https:\/\/api.w.org\/{rel}","templated":true}]}}