{"id":1441,"date":"2019-03-20T13:54:55","date_gmt":"2019-03-20T16:54:55","guid":{"rendered":"https:\/\/www.paranapraia.com.br\/?p=1441"},"modified":"2019-03-20T13:54:57","modified_gmt":"2019-03-20T16:54:57","slug":"governo-cria-comissao-para-inspecionar-questoes-do-enem","status":"publish","type":"post","link":"https:\/\/www.paranapraia.com.br\/index.php\/2019\/03\/20\/governo-cria-comissao-para-inspecionar-questoes-do-enem\/","title":{"rendered":"Governo cria comiss\u00e3o para inspecionar quest\u00f5es do Enem"},"content":{"rendered":"\n<h4 class=\"wp-block-heading\">Grupo ser\u00e1 respons\u00e1vel por recomendar a n\u00e3o utiliza\u00e7\u00e3o de itens na montagem do exame, mediante justificativa<\/h4>\n\n\n\n<p>O Instituto Nacional de Estudos e Pesquisas Educacionais An\u00edsio Teixeira (Inep), vinculado ao Minist\u00e9rio da Educa\u00e7\u00e3o (MEC), criou hoje (20) um grupo que ser\u00e1 respons\u00e1vel por decidir as quest\u00f5es que entrar\u00e3o ou n\u00e3o no Exame Nacional do Ensino M\u00e9dio (<strong><a href=\"https:\/\/exame.abril.com.br\/noticias-sobre\/enem\/\">Enem<\/a><\/strong>). A medida consta de portaria publicada no Di\u00e1rio Oficial da Uni\u00e3o.<\/p>\n\n\n\n<p>O grupo \u00e9 composto pelo secret\u00e1rio de Regula\u00e7\u00e3o e Supervis\u00e3o da Educa\u00e7\u00e3o Superior do MEC, Marco Ant\u00f4nio Barroso, pelo diretor de Estudos Educacionais do Inep, Antonio Maur\u00edcio das Neves, e por Gilberto Callado de Oliveira, representante da sociedade civil.<\/p>\n\n\n\n<p>Eles ser\u00e3o respons\u00e1veis por recomendar a n\u00e3o utiliza\u00e7\u00e3o de itens na montagem do exame, mediante justificativa. A an\u00e1lise passar\u00e1 depois pelo diretor de Avalia\u00e7\u00e3o da Educa\u00e7\u00e3o B\u00e1sica, Paulo Cesar Teixeira, que dever\u00e1 emitir um contra parecer para cada um desses itens. A decis\u00e3o final da utiliza\u00e7\u00e3o ou n\u00e3o caber\u00e1 ao presidente do Inep, Marcus Vin\u00edcius Rodrigues.<\/p>\n\n\n\n<p>A portaria estipula o prazo de dez dias para que isso seja feito. A comiss\u00e3o ter\u00e1 acesso ao ambiente de seguran\u00e7a onde \u00e9 elaborado o exame.<\/p>\n\n\n\n<p>\u201cOs especialistas da comiss\u00e3o s\u00e3o nomes reconhecidos e que podem contribuir para a elabora\u00e7\u00e3o de uma prova com itens que contemplem, n\u00e3o apenas todos os aspectos t\u00e9cnicos formais, mas tamb\u00e9m ecoem as expectativas da sociedade em torno de uma educa\u00e7\u00e3o para o desenvolvimento de um novo projeto de Pa\u00eds\u201d, diz, em nota, o presidente do Inep.<\/p>\n\n\n\n<h3 class=\"wp-block-heading\">Elabora\u00e7\u00e3o dos itens<\/h3>\n\n\n\n<p>Os itens do Enem s\u00e3o elaborados por especialistas selecionados por meio de chamada p\u00fablica. Eles devem seguir as matrizes de refer\u00eancia, guia de elabora\u00e7\u00e3o e revis\u00e3o de itens estabelecidos pelo Inep. Os itens passam, ent\u00e3o, por revisores e depois por especialistas do Inep.<\/p>\n\n\n\n<p>Finalmente, s\u00e3o pr\u00e9-testados em aplica\u00e7\u00f5es feitas em escolas. O processo \u00e9 sigiloso e os estudantes n\u00e3o sabem que est\u00e3o respondendo a poss\u00edveis quest\u00f5es do Enem. Com a aplica\u00e7\u00e3o, avalia-se a dificuldade, o grau de discrimina\u00e7\u00e3o e a probabilidade de acerto ao acaso da quest\u00e3o. Os itens aprovados passam a compor o Banco Nacional de Itens, que fica dispon\u00edvel para aplica\u00e7\u00f5es futuras do Enem.<\/p>\n\n\n\n<p>Segundo Rodrigues, como a elabora\u00e7\u00e3o de um item \u00e9 um processo longo e oneroso, nenhum ser\u00e1 descartado. As quest\u00f5es dissonantes ser\u00e3o separadas para posterior adequa\u00e7\u00e3o, testagem e utiliza\u00e7\u00e3o, se for o caso.<\/p>\n\n\n\n<p>A seguran\u00e7a, segundo ele, tamb\u00e9m ser\u00e1 garantida. Localizado na sede do Inep, em Bras\u00edlia, o Ambiente F\u00edsico Integrado Seguro s\u00f3 pode ser acessado por pessoas autorizadas. O ambiente \u00e9 completamente isolado, possui salas que s\u00f3 podem ser acessadas pelo uso de digitais e computadores sem acesso \u00e0 internet. Todo o processo de capta\u00e7\u00e3o, elabora\u00e7\u00e3o e revis\u00e3o de itens para compor o Enem e outros exames do instituto ocorre nesse espa\u00e7o.<\/p>\n\n\n\n<p>Segundo a autarquia, pelo car\u00e1ter sigiloso do Banco Nacional de Itens, n\u00e3o ser\u00e1 publicado relat\u00f3rio de trabalho sobre o processo. Tampouco os membros da comiss\u00e3o est\u00e3o autorizados a se pronunciar sobre o trabalho.<\/p>\n\n\n\n<h3 class=\"wp-block-heading\">Cria\u00e7\u00e3o de comiss\u00e3o preocupa especialistas<\/h3>\n\n\n\n<p>A cria\u00e7\u00e3o de uma comiss\u00e3o preocupa especialistas em avalia\u00e7\u00e3o. Eles dizem que a interfer\u00eancia de pessoas de fora da \u00e1rea possa colocar em risco a excel\u00eancia da avalia\u00e7\u00e3o e sua seguran\u00e7a. A not\u00edcia da cria\u00e7\u00e3o do colegiado foi antecipada pelo blog Renata Cafardo, do portal Estad\u00e3o.<\/p>\n\n\n\n<p>A comiss\u00e3o \u00e9 composta por tr\u00eas pessoas. Um deles \u00e9 ex-aluno do ministro Ricardo V\u00e9lez Rodr\u00edguez e ter\u00e1 acesso ao ambiente de seguran\u00e7a m\u00e1xima onde ficam as perguntas da prova para \u201cverificar sua pertin\u00eancia com a realidade social, de modo a assegurar um perfil consensual do exame\u201d, segundo o minist\u00e9rio.<\/p>\n\n\n\n<p>Cipriano Luckesi, doutor em avalia\u00e7\u00e3o do aprendizado pela Universidade Federal da Bahia (UFBA), diz que a constru\u00e7\u00e3o do banco de itens \u00e9 complexa e levou muitos anos para se consolidar na elabora\u00e7\u00e3o do Enem. Ele teme que a interfer\u00eancia possa comprometer a qualidade das quest\u00f5es. \u201c\u00c9 um problema t\u00e9cnico. Os itens s\u00e3o formados por uma bancada de especialistas de cada uma das \u00e1reas. Pessoas sem intimidade com essas \u00e1reas t\u00eam conhecimento restrito para avaliar a qualidade e a pertin\u00eancia das quest\u00f5es\u201d, avalia.<\/p>\n\n\n\n<p>Luckesi diz ter ainda uma preocupa\u00e7\u00e3o com a subjetividade da avalia\u00e7\u00e3o do que a comiss\u00e3o pode considerar \u201cpertinente com a realidade social\u201d. \u201cH\u00e1 anos, o Enem tem quest\u00f5es que abordam a igualdade de g\u00eanero e o combate \u00e0 discrimina\u00e7\u00e3o, como muitos outros pa\u00edses j\u00e1 fazem em suas provas de ingresso \u00e0 universidade. Ser\u00e1 que essas quest\u00f5es ser\u00e3o retirada?\u201d, questiona.<\/p>\n\n\n\n<p>Para Ocimar Olavarse, especialista em avalia\u00e7\u00e3o educacional pela Universidade de S\u00e3o Paulo (USP), a cria\u00e7\u00e3o da comiss\u00e3o fere o protocolo de elabora\u00e7\u00e3o do Enem, que vem sendo aperfei\u00e7oado desde a sua cria\u00e7\u00e3o em 1998, e coloca em risco a qualidade e seguran\u00e7a da prova.<\/p>\n\n\n\n<p>\u201cH\u00e1 todo um protocolo para a elabora\u00e7\u00e3o de um item, a testagem antes de ser inclu\u00eddo na prova. Desde o in\u00edcio da elabora\u00e7\u00e3o h\u00e1 um procedimento para garantir o sigilo. Os resultados do Enem s\u00e3o usados para a distribui\u00e7\u00e3o de bens p\u00fablicos, que s\u00e3o as vagas em universidades p\u00fablicas, e isso precisa ser feito com a maior lisura poss\u00edvel\u201d, diz.<\/p>\n\n\n\n<h3 class=\"wp-block-heading\">Datas do Enem<\/h3>\n\n\n\n<p>Este ano, o Enem ser\u00e1 aplicado nos dias 3 e 10 de novembro. As inscri\u00e7\u00f5es estar\u00e3o abertas de 6 a 17 de maio.<\/p>\n\n\n\n<p>Entre 1\u00ba e 10 de abril, os estudantes poder\u00e3o pedir isen\u00e7\u00e3o da taxa de inscri\u00e7\u00e3o. Nesse mesmo per\u00edodo, o Inep vai receber as justificativas dos que faltaram \u00e0s provas em 2018.<\/p>\n\n\n\n<p>Fonte:Exame<\/p>\n","protected":false},"excerpt":{"rendered":"<p>Grupo ser\u00e1 respons\u00e1vel por recomendar a n\u00e3o utiliza\u00e7\u00e3o de itens na montagem do exame, mediante justificativa O Instituto Nacional de Estudos e Pesquisas Educacionais An\u00edsio Teixeira (Inep), vinculado ao Minist\u00e9rio da Educa\u00e7\u00e3o (MEC), criou hoje (20) um grupo que ser\u00e1 respons\u00e1vel por decidir as quest\u00f5es que entrar\u00e3o ou n\u00e3o no Exame Nacional do Ensino M\u00e9dio [&hellip;]<\/p>\n","protected":false},"author":2,"featured_media":1442,"comment_status":"open","ping_status":"open","sticky":false,"template":"","format":"standard","meta":{"advanced_seo_description":"","jetpack_seo_html_title":"","jetpack_seo_noindex":false,"_jetpack_memberships_contains_paid_content":false,"footnotes":""},"categories":[42,43,35,45],"tags":[],"class_list":{"0":"post-1441","1":"post","2":"type-post","3":"status-publish","4":"format-standard","5":"has-post-thumbnail","7":"category-cidades","8":"category-cotidiano","9":"category-economia","10":"category-qualidade-de-vida"},"jetpack_featured_media_url":"https:\/\/www.paranapraia.com.br\/wp-content\/uploads\/2019\/03\/enem.jpg","jetpack_sharing_enabled":true,"_links":{"self":[{"href":"https:\/\/www.paranapraia.com.br\/index.php\/wp-json\/wp\/v2\/posts\/1441"}],"collection":[{"href":"https:\/\/www.paranapraia.com.br\/index.php\/wp-json\/wp\/v2\/posts"}],"about":[{"href":"https:\/\/www.paranapraia.com.br\/index.php\/wp-json\/wp\/v2\/types\/post"}],"author":[{"embeddable":true,"href":"https:\/\/www.paranapraia.com.br\/index.php\/wp-json\/wp\/v2\/users\/2"}],"replies":[{"embeddable":true,"href":"https:\/\/www.paranapraia.com.br\/index.php\/wp-json\/wp\/v2\/comments?post=1441"}],"version-history":[{"count":1,"href":"https:\/\/www.paranapraia.com.br\/index.php\/wp-json\/wp\/v2\/posts\/1441\/revisions"}],"predecessor-version":[{"id":1443,"href":"https:\/\/www.paranapraia.com.br\/index.php\/wp-json\/wp\/v2\/posts\/1441\/revisions\/1443"}],"wp:featuredmedia":[{"embeddable":true,"href":"https:\/\/www.paranapraia.com.br\/index.php\/wp-json\/wp\/v2\/media\/1442"}],"wp:attachment":[{"href":"https:\/\/www.paranapraia.com.br\/index.php\/wp-json\/wp\/v2\/media?parent=1441"}],"wp:term":[{"taxonomy":"category","embeddable":true,"href":"https:\/\/www.paranapraia.com.br\/index.php\/wp-json\/wp\/v2\/categories?post=1441"},{"taxonomy":"post_tag","embeddable":true,"href":"https:\/\/www.paranapraia.com.br\/index.php\/wp-json\/wp\/v2\/tags?post=1441"}],"curies":[{"name":"wp","href":"https:\/\/api.w.org\/{rel}","templated":true}]}}