{"id":1425,"date":"2019-03-20T13:44:09","date_gmt":"2019-03-20T16:44:09","guid":{"rendered":"https:\/\/www.paranapraia.com.br\/?p=1425"},"modified":"2019-03-20T13:45:42","modified_gmt":"2019-03-20T16:45:42","slug":"uso-de-bermuda-por-taxistas-de-foz-do-iguacu-causa-polemica","status":"publish","type":"post","link":"https:\/\/www.paranapraia.com.br\/index.php\/2019\/03\/20\/uso-de-bermuda-por-taxistas-de-foz-do-iguacu-causa-polemica\/","title":{"rendered":"Uso de bermuda por taxistas de Foz do Igua\u00e7u causa pol\u00eamica"},"content":{"rendered":"\n<h4 class=\"wp-block-heading\">A alternativa de uniforme est\u00e1 autorizada desde o dia 11 de mar\u00e7o; sindicato da categoria \u00e9 contra; assunto ser\u00e1 analisado pelo Instituto de Tr\u00e2nsito (Foztrans).<\/h4>\n\n\n\n<p>O uso de bermuda como parte do uniforme de taxistas de Foz do Igua\u00e7u, no oeste do Paran\u00e1, est\u00e1 causando pol\u00eamica na cidade, famosa pelos pontos tur\u00edsticos e tamb\u00e9m pelo calor. Enquanto um grupo de motoristas fez um abaixo-assinado para que a op\u00e7\u00e3o seja mantida, o sindicato da categoria \u00e9 contra.<\/p>\n\n\n\n<p>A bermuda est\u00e1 autorizada temporariamente por 30 dias desde 11 de mar\u00e7o. Antes a multa para quem descumprisse a regra, que autoriza apenas o uso de cal\u00e7a, era de R$ 336. A cidade conta com 439 t\u00e1xis autorizados.<\/p>\n\n\n\n<p>No documento encaminhado ao Instituto de Transportes e Tr\u00e2nsito de Foz do Igua\u00e7u (Foztrans), o Sindit\u00e1xi afirma que com a libera\u00e7\u00e3o da bermuda, outros precedentes podem ser abertos como o uso de \u201csand\u00e1lias, chinelos, t\u00eanis (limpo ou sujo), sapatos, sapat\u00eanis e meia colorida\u201d.<\/p>\n\n\n\n<p>\u201cA gente tem um hist\u00f3rico j\u00e1 de alguns que saiam do futebol e iam atender passageiros. Analisando a opini\u00e3o dos nossos taxistas, entendo que n\u00e3o \u00e9 oportuno, que n\u00e3o \u00e9 interessante, que n\u00e3o \u00e9 vi\u00e1vel e n\u00e3o \u00e9 importante neste momento viabilizar o uso da bermuda\u201d, apontou o presidente do sindicato, Jair Ferreira.<\/p>\n\n\n\n<p>O pedido foi encabe\u00e7ado pelo taxista Roque da Silva, que j\u00e1 est\u00e1 aproveitando e tem o apoio de v\u00e1rios colegas.<\/p>\n\n\n\n<p>\u201cEu me sinto \u00e0 vontade, me sinto bem trabalhando de bermuda. O turismo, hotel cinco estrelas, usam bermuda. E n\u00e3o vejo nenhum turista chegar e dizer que n\u00e3o vai se hospedar no hotel porque o funcion\u00e1rio usa bermuda&#8221;, comentou.<\/p>\n\n\n\n<p>O superintendente do Foztrans, Fernando Maraninchi, afirma que levou em considera\u00e7\u00e3o o calor da fronteira para autorizar o uso de bermudas pelos taxistas. Mas, que diante da reclama\u00e7\u00e3o do sindicato, decidiu estabelecer um per\u00edodo de experi\u00eancia.<\/p>\n\n\n\n<p>Fonte:G1<\/p>\n","protected":false},"excerpt":{"rendered":"<p>A alternativa de uniforme est\u00e1 autorizada desde o dia 11 de mar\u00e7o; sindicato da categoria \u00e9 contra; assunto ser\u00e1 analisado pelo Instituto de Tr\u00e2nsito (Foztrans). O uso de bermuda como parte do uniforme de taxistas de Foz do Igua\u00e7u, no oeste do Paran\u00e1, est\u00e1 causando pol\u00eamica na cidade, famosa pelos pontos tur\u00edsticos e tamb\u00e9m pelo [&hellip;]<\/p>\n","protected":false},"author":2,"featured_media":1428,"comment_status":"open","ping_status":"open","sticky":false,"template":"","format":"standard","meta":{"advanced_seo_description":"","jetpack_seo_html_title":"","jetpack_seo_noindex":false,"_jetpack_memberships_contains_paid_content":false,"footnotes":""},"categories":[43,1],"tags":[],"class_list":{"0":"post-1425","1":"post","2":"type-post","3":"status-publish","4":"format-standard","5":"has-post-thumbnail","7":"category-cotidiano","8":"category-sem-categoria"},"jetpack_featured_media_url":"https:\/\/www.paranapraia.com.br\/wp-content\/uploads\/2019\/03\/bermudataxi.jpg","jetpack_sharing_enabled":true,"_links":{"self":[{"href":"https:\/\/www.paranapraia.com.br\/index.php\/wp-json\/wp\/v2\/posts\/1425"}],"collection":[{"href":"https:\/\/www.paranapraia.com.br\/index.php\/wp-json\/wp\/v2\/posts"}],"about":[{"href":"https:\/\/www.paranapraia.com.br\/index.php\/wp-json\/wp\/v2\/types\/post"}],"author":[{"embeddable":true,"href":"https:\/\/www.paranapraia.com.br\/index.php\/wp-json\/wp\/v2\/users\/2"}],"replies":[{"embeddable":true,"href":"https:\/\/www.paranapraia.com.br\/index.php\/wp-json\/wp\/v2\/comments?post=1425"}],"version-history":[{"count":1,"href":"https:\/\/www.paranapraia.com.br\/index.php\/wp-json\/wp\/v2\/posts\/1425\/revisions"}],"predecessor-version":[{"id":1426,"href":"https:\/\/www.paranapraia.com.br\/index.php\/wp-json\/wp\/v2\/posts\/1425\/revisions\/1426"}],"wp:featuredmedia":[{"embeddable":true,"href":"https:\/\/www.paranapraia.com.br\/index.php\/wp-json\/wp\/v2\/media\/1428"}],"wp:attachment":[{"href":"https:\/\/www.paranapraia.com.br\/index.php\/wp-json\/wp\/v2\/media?parent=1425"}],"wp:term":[{"taxonomy":"category","embeddable":true,"href":"https:\/\/www.paranapraia.com.br\/index.php\/wp-json\/wp\/v2\/categories?post=1425"},{"taxonomy":"post_tag","embeddable":true,"href":"https:\/\/www.paranapraia.com.br\/index.php\/wp-json\/wp\/v2\/tags?post=1425"}],"curies":[{"name":"wp","href":"https:\/\/api.w.org\/{rel}","templated":true}]}}