{"id":1418,"date":"2019-03-20T12:55:01","date_gmt":"2019-03-20T15:55:01","guid":{"rendered":"https:\/\/www.paranapraia.com.br\/?p=1418"},"modified":"2019-03-20T12:55:04","modified_gmt":"2019-03-20T15:55:04","slug":"militares-reforma-deve-incluir-aumento-de-salario-para-menores-patentes","status":"publish","type":"post","link":"https:\/\/www.paranapraia.com.br\/index.php\/2019\/03\/20\/militares-reforma-deve-incluir-aumento-de-salario-para-menores-patentes\/","title":{"rendered":"Militares: reforma deve incluir aumento de sal\u00e1rio para menores patentes"},"content":{"rendered":"\n<p>A proposta de&nbsp;<strong><a href=\"https:\/\/exame.abril.com.br\/noticias-sobre\/reforma-da-previdencia\/\">reforma da Previd\u00eancia<\/a><\/strong>&nbsp;das&nbsp;<strong><a href=\"https:\/\/exame.abril.com.br\/noticias-sobre\/militares\/\">For\u00e7as Armadas<\/a><\/strong>prevista para ser entregue ao&nbsp;<strong><a href=\"https:\/\/exame.abril.com.br\/noticias-sobre\/congresso\/\">Congresso Nacional<\/a><\/strong>&nbsp;nesta quarta-feira, 20, deve trazer um aumento no sal\u00e1rio de militares de menor patente, segundo uma fonte pr\u00f3xima \u00e0s negocia\u00e7\u00f5es.<\/p>\n\n\n\n<p>De acordo com a fonte, que falou sob condi\u00e7\u00e3o de anonimato, essa era uma reivindica\u00e7\u00e3o dos militares menos graduados, uma vez que vai haver aumento da contribui\u00e7\u00e3o.<\/p>\n\n\n\n<p>\u201cAjuste de sal\u00e1rios s\u00f3 para os que ganham pouco para evitar perda de valor l\u00edquido, e assim evitar que algu\u00e9m ganhe menos que o sal\u00e1rio m\u00ednimo\u201d, disse a fonte \u00e0 Reuters.<\/p>\n\n\n\n<p>T\u00e9cnicos do governo passaram a madrugada fazendo c\u00e1lculos para fechar os \u00faltimos detalhes da proposta. O texto, no entanto, ainda depende do crivo do presidente\u00a0<strong><a href=\"https:\/\/exame.abril.com.br\/noticias-sobre\/jair-bolsonaro\/\">Jair Bolsonaro<\/a><\/strong>, que retornou nesta quarta-feira dos\u00a0<strong><a href=\"https:\/\/exame.abril.com.br\/noticias-sobre\/estados-unidos\/\">Estados Unidos<\/a><\/strong>\u00a0e faz quest\u00e3o de olhar a proposta antes da sua apresenta\u00e7\u00e3o.<\/p>\n\n\n\n<p>Entre os pontos j\u00e1 pacificados est\u00e3o o aumento no tempo de contribui\u00e7\u00e3o, a cobran\u00e7a de al\u00edquota para pensionistas e a eleva\u00e7\u00e3o da contribui\u00e7\u00e3o dos militares de 7,5 para 10,5 por cento, que deve ocorrer de forma gradativa.<\/p>\n\n\n\n<p>Nesta&nbsp;<a href=\"https:\/\/exame.abril.com.br\/brasil\/previdencia-militar-chega-ao-congresso-para-liberar-tramitacao-da-reforma\/\" target=\"_blank\" rel=\"noreferrer noopener\">quarta-feira est\u00e1 previsto que Bolsonaro se re\u00fana com ministros e auxiliares<\/a>&nbsp;para bater o martelo sobre o projeto que muda as aposentadorias e reestrutura a carreira dos militares, no \u00e2mbito da reforma da Previd\u00eancia. O governo prometeu entregar essa proposta ao Congresso at\u00e9 esta quarta.<\/p>\n\n\n\n<p>O envio pelo governo de proposta com altera\u00e7\u00f5es na aposentadoria dos militares tem sido apontado por l\u00edderes parlamentares como condi\u00e7\u00e3o para o andamento da Proposta de Emenda \u00e0 Constitui\u00e7\u00e3o (PEC) de reforma geral da Previd\u00eancia. L\u00edderes j\u00e1 anunciaram que s\u00f3 votar\u00e3o a PEC na Comiss\u00e3o de Constitui\u00e7\u00e3o e Justi\u00e7a da Casa Branca ap\u00f3s o envio do projeto que trata da nova aposentadoria para militares.<\/p>\n\n\n\n<p><em>Revista Exame<\/em><\/p>\n\n\n\n<p><\/p>\n","protected":false},"excerpt":{"rendered":"<p>A proposta de&nbsp;reforma da Previd\u00eancia&nbsp;das&nbsp;For\u00e7as Armadasprevista para ser entregue ao&nbsp;Congresso Nacional&nbsp;nesta quarta-feira, 20, deve trazer um aumento no sal\u00e1rio de militares de menor patente, segundo uma fonte pr\u00f3xima \u00e0s negocia\u00e7\u00f5es. De acordo com a fonte, que falou sob condi\u00e7\u00e3o de anonimato, essa era uma reivindica\u00e7\u00e3o dos militares menos graduados, uma vez que vai haver aumento [&hellip;]<\/p>\n","protected":false},"author":2,"featured_media":1419,"comment_status":"open","ping_status":"open","sticky":false,"template":"","format":"standard","meta":{"advanced_seo_description":"","jetpack_seo_html_title":"","jetpack_seo_noindex":false,"_jetpack_memberships_contains_paid_content":false,"footnotes":""},"categories":[43],"tags":[],"class_list":{"0":"post-1418","1":"post","2":"type-post","3":"status-publish","4":"format-standard","5":"has-post-thumbnail","7":"category-cotidiano"},"jetpack_featured_media_url":"https:\/\/www.paranapraia.com.br\/wp-content\/uploads\/2019\/03\/milico.jpg","jetpack_sharing_enabled":true,"_links":{"self":[{"href":"https:\/\/www.paranapraia.com.br\/index.php\/wp-json\/wp\/v2\/posts\/1418"}],"collection":[{"href":"https:\/\/www.paranapraia.com.br\/index.php\/wp-json\/wp\/v2\/posts"}],"about":[{"href":"https:\/\/www.paranapraia.com.br\/index.php\/wp-json\/wp\/v2\/types\/post"}],"author":[{"embeddable":true,"href":"https:\/\/www.paranapraia.com.br\/index.php\/wp-json\/wp\/v2\/users\/2"}],"replies":[{"embeddable":true,"href":"https:\/\/www.paranapraia.com.br\/index.php\/wp-json\/wp\/v2\/comments?post=1418"}],"version-history":[{"count":1,"href":"https:\/\/www.paranapraia.com.br\/index.php\/wp-json\/wp\/v2\/posts\/1418\/revisions"}],"predecessor-version":[{"id":1420,"href":"https:\/\/www.paranapraia.com.br\/index.php\/wp-json\/wp\/v2\/posts\/1418\/revisions\/1420"}],"wp:featuredmedia":[{"embeddable":true,"href":"https:\/\/www.paranapraia.com.br\/index.php\/wp-json\/wp\/v2\/media\/1419"}],"wp:attachment":[{"href":"https:\/\/www.paranapraia.com.br\/index.php\/wp-json\/wp\/v2\/media?parent=1418"}],"wp:term":[{"taxonomy":"category","embeddable":true,"href":"https:\/\/www.paranapraia.com.br\/index.php\/wp-json\/wp\/v2\/categories?post=1418"},{"taxonomy":"post_tag","embeddable":true,"href":"https:\/\/www.paranapraia.com.br\/index.php\/wp-json\/wp\/v2\/tags?post=1418"}],"curies":[{"name":"wp","href":"https:\/\/api.w.org\/{rel}","templated":true}]}}