{"id":14161,"date":"2019-06-27T14:48:55","date_gmt":"2019-06-27T17:48:55","guid":{"rendered":"https:\/\/www.paranapraia.com.br\/?p=14161"},"modified":"2019-06-27T14:48:56","modified_gmt":"2019-06-27T17:48:56","slug":"quer-fabricar-facas-espadas-e-machados-evento-tera-forjamento-de-armas-ao-vivo-em-curitiba","status":"publish","type":"post","link":"https:\/\/www.paranapraia.com.br\/index.php\/2019\/06\/27\/quer-fabricar-facas-espadas-e-machados-evento-tera-forjamento-de-armas-ao-vivo-em-curitiba\/","title":{"rendered":"Quer fabricar facas, espadas e machados? Evento ter\u00e1 forjamento de armas ao vivo em Curitiba"},"content":{"rendered":"\n<p>Os apaixonados pela\u00a0<strong>cutelaria<\/strong>\u00a0\u2013 a arte de\u00a0<strong>forjar e fabricar facas\u00a0<\/strong>\u2013 tem uma oportunidade \u00fanica de encontrar outros admiradores desta\u00a0<strong>t\u00e9cnica milenar.<\/strong>\u00a0<strong>Curitiba<\/strong>\u00a0sedia neste final de semana, s\u00e1bado e domingo, o\u00a0<strong>Knife Show<\/strong>, evento com exposi\u00e7\u00e3o de facas artesanais, facas e machados, oficinas, forjamento de facas ao vivo e palestras com especialistas, al\u00e9m do sorteio de v\u00e1rias facas. O evento ser\u00e1 no bairro Ah\u00fa (<strong>mais informa\u00e7\u00f5es abaixo).<\/strong><\/p>\n\n\n\n<p>A feira neste ano contar\u00e1 com cerca de 70 expositores que vieram de todas as partes do Brasil. \u201cA exposi\u00e7\u00e3o conta com diversas facas nacionais e internacionais, sendo que muitas delas s\u00e3o catalogadas em livros de cutelaria\u201d, explicou&nbsp;Marcelo Tokars, um dos organizadores do evento.<\/p>\n\n\n\n<ul class=\"wp-block-list\"><li>O&nbsp;QUE \u00c9 FORJAR? O cuteleiro pega uma pe\u00e7a de a\u00e7o bruto, esquenta a alt\u00edssimas temperaturas em fornos especiais, at\u00e9 atingir um ponto de maleabilidade. A partir dali na base das marretadas contra grandes bigornas d\u00e1 forma para a faca.<\/li><\/ul>\n\n\n\n<p>O Knife Show tem como principal objetivo proporcionar ao p\u00fablico uma ampla vis\u00e3o do universo da cutelaria, mostrado que as facas s\u00e3o, acima de tudo pe\u00e7as de arte fabricadas artesanalmente, utilizando t\u00e9cnicas refinadas. Eventos semelhantes acontecem em outros estados, mas o de Curitiba tem se destacado neste cen\u00e1rio pela quantidade de expositores.<\/p>\n\n\n\n<p>A primeira edi\u00e7\u00e3o do encontro aconteceu em 2017 e se repetiu ano passado. \u201cO evento \u00e9 composto de basicamente 3 partes: a feira de cutelaria, a exposi\u00e7\u00e3o de facas e as atra\u00e7\u00f5es diversas. E o evento conta com uma estrutura diferenciada, n\u00e3o apenas quanto a qualidade da feira, mas tamb\u00e9m o servi\u00e7o de alimenta\u00e7\u00e3o e at\u00e9 chopp artesanal\u201d, disse Tokars.<\/p>\n\n\n\n<p>O interesse por esse universo cresce a cada ano, especialmente ap\u00f3s programas de televis\u00e3o como Desafio Sob Fogo, Vida ou Corte, entre outros, do canal History Channel. \u201cO interesse e a paix\u00e3o por facas vem crescendo a cada ano n\u00e3o apenas em Curitiba, mas em todo o mundo, incentivado pelos programas de televis\u00e3o que mostram ao grande p\u00fablico a dificuldade t\u00e9cnica no exerc\u00edcio da arte da cutelaria\u201d, contou o organizador.<\/p>\n\n\n\n<p>Uma dica para quem gosta de churrasquear ou das facas propriamente ditas. No evento ser\u00e1 oferecida uma palestra sobre afia\u00e7\u00e3o de facas, que promete ser uma das atra\u00e7\u00f5es mais concorridas, al\u00e9m dos forjamentos ao vivo.<\/p>\n\n\n\n<figure class=\"wp-block-image\"><img decoding=\"async\" src=\"https:\/\/www.tribunapr.com.br\/wp-content\/uploads\/sites\/1\/2019\/06\/knifeshow-curitiba.jpg?a86372\" alt=\"Knife Show ser\u00c3\u00a1 neste s\u00c3\u00a1bado e domingo em Curitiba. Foto: Reprodu\u00c3\u00a7\u00c3\u00a3o\"\/><\/figure>\n\n\n\n<p>O\u00a0<strong>Knife Show Curitiba<\/strong>\u00a0ser\u00e1 no antigo Cassino do Ah\u00fa,\u00a0<strong>Rua Brasilino Moura, 474<\/strong>. O\u00a0<strong>ingresso custa R$ 10<\/strong>\u00a0para cada dia e d\u00e1 direito a frequentar o espa\u00e7o o dia todo.\u00a0<a href=\"https:\/\/www.facebook.com\/KnifeShowCuritiba\/\">Mais informa\u00e7\u00f5es pelo site do evento<\/a>.<\/p>\n\n\n\n<p>TribunaPr<br><\/p>\n\n\n\n<p><br><\/p>\n","protected":false},"excerpt":{"rendered":"<p>Os apaixonados pela\u00a0cutelaria\u00a0\u2013 a arte de\u00a0forjar e fabricar facas\u00a0\u2013 tem uma oportunidade \u00fanica de encontrar outros admiradores desta\u00a0t\u00e9cnica milenar.\u00a0Curitiba\u00a0sedia neste final de semana, s\u00e1bado e domingo, o\u00a0Knife Show, evento com exposi\u00e7\u00e3o de facas artesanais, facas e machados, oficinas, forjamento de facas ao vivo e palestras com especialistas, al\u00e9m do sorteio de v\u00e1rias facas. O evento [&hellip;]<\/p>\n","protected":false},"author":2,"featured_media":14162,"comment_status":"open","ping_status":"open","sticky":false,"template":"","format":"standard","meta":{"advanced_seo_description":"","jetpack_seo_html_title":"","jetpack_seo_noindex":false,"_jetpack_memberships_contains_paid_content":false,"footnotes":""},"categories":[46],"tags":[],"class_list":{"0":"post-14161","1":"post","2":"type-post","3":"status-publish","4":"format-standard","5":"has-post-thumbnail","7":"category-festa-e-eventos"},"jetpack_featured_media_url":"https:\/\/www.paranapraia.com.br\/wp-content\/uploads\/2019\/06\/knifeshow-curitiba2-825x536-1.jpg","jetpack_sharing_enabled":true,"_links":{"self":[{"href":"https:\/\/www.paranapraia.com.br\/index.php\/wp-json\/wp\/v2\/posts\/14161"}],"collection":[{"href":"https:\/\/www.paranapraia.com.br\/index.php\/wp-json\/wp\/v2\/posts"}],"about":[{"href":"https:\/\/www.paranapraia.com.br\/index.php\/wp-json\/wp\/v2\/types\/post"}],"author":[{"embeddable":true,"href":"https:\/\/www.paranapraia.com.br\/index.php\/wp-json\/wp\/v2\/users\/2"}],"replies":[{"embeddable":true,"href":"https:\/\/www.paranapraia.com.br\/index.php\/wp-json\/wp\/v2\/comments?post=14161"}],"version-history":[{"count":1,"href":"https:\/\/www.paranapraia.com.br\/index.php\/wp-json\/wp\/v2\/posts\/14161\/revisions"}],"predecessor-version":[{"id":14163,"href":"https:\/\/www.paranapraia.com.br\/index.php\/wp-json\/wp\/v2\/posts\/14161\/revisions\/14163"}],"wp:featuredmedia":[{"embeddable":true,"href":"https:\/\/www.paranapraia.com.br\/index.php\/wp-json\/wp\/v2\/media\/14162"}],"wp:attachment":[{"href":"https:\/\/www.paranapraia.com.br\/index.php\/wp-json\/wp\/v2\/media?parent=14161"}],"wp:term":[{"taxonomy":"category","embeddable":true,"href":"https:\/\/www.paranapraia.com.br\/index.php\/wp-json\/wp\/v2\/categories?post=14161"},{"taxonomy":"post_tag","embeddable":true,"href":"https:\/\/www.paranapraia.com.br\/index.php\/wp-json\/wp\/v2\/tags?post=14161"}],"curies":[{"name":"wp","href":"https:\/\/api.w.org\/{rel}","templated":true}]}}