{"id":1414,"date":"2019-03-20T12:51:08","date_gmt":"2019-03-20T15:51:08","guid":{"rendered":"https:\/\/www.paranapraia.com.br\/?p=1414"},"modified":"2019-03-20T12:51:17","modified_gmt":"2019-03-20T15:51:17","slug":"altos-niveis-de-estresse-podem-encolher-o-cerebro-e-afetar-a-memoria","status":"publish","type":"post","link":"https:\/\/www.paranapraia.com.br\/index.php\/2019\/03\/20\/altos-niveis-de-estresse-podem-encolher-o-cerebro-e-afetar-a-memoria\/","title":{"rendered":"Altos n\u00edveis de estresse podem encolher o c\u00e9rebro e afetar a mem\u00f3ria"},"content":{"rendered":"\n<h4 class=\"wp-block-heading\">Estudo com pessoas de meia idade sugere aten\u00e7\u00e3o com a rotina<\/h4>\n\n\n\n<p>O cortisol, horm\u00f4nio ligado ao&nbsp;<strong><a href=\"https:\/\/exame.abril.com.br\/noticias-sobre\/estresse\/\">estresse<\/a><\/strong>, pode ter seus n\u00edveis relacionados ao tamanho do c\u00e9rebro e \u00e0 diminui\u00e7\u00e3o das fun\u00e7\u00f5es cognitivas. Isso significa que pessoas mais estressadas tendem a apresentar redu\u00e7\u00e3o no volume do c\u00e9rebro e perda de&nbsp;<strong><a href=\"https:\/\/exame.abril.com.br\/noticias-sobre\/memorizacao\/\">mem\u00f3ria<\/a><\/strong>. \u00c9 o que mostra um&nbsp;<a href=\"http:\/\/n.neurology.org\/content\/early\/2018\/10\/24\/WNL.0000000000006549\" target=\"_blank\" rel=\"noreferrer noopener\">estudo<\/a>&nbsp;publicado esta semana pela Academia Americana de&nbsp;<strong><a href=\"https:\/\/exame.abril.com.br\/noticias-sobre\/neurociencia\/\">Neurologia<\/a><\/strong>.<\/p>\n\n\n\n<p>A equipe coletou dados cognitivos de 2.231 participantes entre 40 e 50 anos, que tiveram seus n\u00edveis de cortisol medidos pela manh\u00e3 antes de comer. No geral, as pessoas com n\u00edveis mais elevados de cortisol foram associadas a uma pior estrutura e cogni\u00e7\u00e3o do c\u00e9rebro.<\/p>\n\n\n\n<p>\u201cO cortisol afeta muitas fun\u00e7\u00f5es diferentes, por isso \u00e9 importante investigar completamente como os altos n\u00edveis do horm\u00f4nio podem afetar o c\u00e9rebro\u201d, disse em um comunicado Justin B. Echouffo-Tcheugui, professor da Escola de Medicina de Harvard e coautor do estudo. \u201cEnquanto outros estudos examinaram o cortisol e a mem\u00f3ria, acreditamos que o nosso \u00e9 o primeiro a explorar, em pessoas de meia-idade, n\u00edveis de cortisol e volume cerebral em jejum, bem como habilidades de mem\u00f3ria e pensamento\u201d, afirma.<\/p>\n\n\n\n<h3 class=\"wp-block-heading\">Vida moderna como \u201cfator de risco\u201d<\/h3>\n\n\n\n<p>A vida nas grandes cidades torna a ideia de uma rotina sem nenhum tipo de estresse praticamente imposs\u00edvel. O que os pesquisadores querem agora \u00e9 mapear as causas e consequ\u00eancias das altera\u00e7\u00f5es provocadas pela rotina agitada. \u201cEm nossa busca para entender o envelhecimento cognitivo, um dos fatores que atraem interesse e preocupa\u00e7\u00e3o significativos \u00e9 o crescente estresse da vida moderna\u201d, acrescenta Sudha Seshadri, professora no Centro de Ci\u00eancias da Sa\u00fade da Universidade do Texas e co-autora da pesquisa.<\/p>\n\n\n\n<p>A equipe tamb\u00e9m investigou se os n\u00edveis mais altos de cortisol estavam ligados ao APOE4, fator de risco gen\u00e9tico que tem sido associado a doen\u00e7as cardiovasculares e ao mal de Alzheimer, mas n\u00e3o encontraram uma rela\u00e7\u00e3o direta entre ambos.<\/p>\n\n\n\n<p>Apesar da associa\u00e7\u00e3o entre aumento dos n\u00edveis de cortisol e a perda de mem\u00f3ria e diminui\u00e7\u00e3o do c\u00e9rebro, n\u00e3o se pode afirmar que se trata de uma rela\u00e7\u00e3o de causa. No entanto, a equipe observa que \u00e9 importante acompanhar o n\u00edvel de cortisol no organismo e buscar maneiras de estresse, como dormir o suficiente e fazer exerc\u00edcios moderados.<\/p>\n\n\n\n<p>Exame Abril<\/p>\n","protected":false},"excerpt":{"rendered":"<p>Estudo com pessoas de meia idade sugere aten\u00e7\u00e3o com a rotina O cortisol, horm\u00f4nio ligado ao&nbsp;estresse, pode ter seus n\u00edveis relacionados ao tamanho do c\u00e9rebro e \u00e0 diminui\u00e7\u00e3o das fun\u00e7\u00f5es cognitivas. Isso significa que pessoas mais estressadas tendem a apresentar redu\u00e7\u00e3o no volume do c\u00e9rebro e perda de&nbsp;mem\u00f3ria. \u00c9 o que mostra um&nbsp;estudo&nbsp;publicado esta semana [&hellip;]<\/p>\n","protected":false},"author":2,"featured_media":1415,"comment_status":"open","ping_status":"open","sticky":false,"template":"","format":"standard","meta":{"advanced_seo_description":"","jetpack_seo_html_title":"","jetpack_seo_noindex":false,"_jetpack_memberships_contains_paid_content":false,"footnotes":""},"categories":[45],"tags":[],"class_list":{"0":"post-1414","1":"post","2":"type-post","3":"status-publish","4":"format-standard","5":"has-post-thumbnail","7":"category-qualidade-de-vida"},"jetpack_featured_media_url":"https:\/\/www.paranapraia.com.br\/wp-content\/uploads\/2019\/03\/cerebro.png","jetpack_sharing_enabled":true,"_links":{"self":[{"href":"https:\/\/www.paranapraia.com.br\/index.php\/wp-json\/wp\/v2\/posts\/1414"}],"collection":[{"href":"https:\/\/www.paranapraia.com.br\/index.php\/wp-json\/wp\/v2\/posts"}],"about":[{"href":"https:\/\/www.paranapraia.com.br\/index.php\/wp-json\/wp\/v2\/types\/post"}],"author":[{"embeddable":true,"href":"https:\/\/www.paranapraia.com.br\/index.php\/wp-json\/wp\/v2\/users\/2"}],"replies":[{"embeddable":true,"href":"https:\/\/www.paranapraia.com.br\/index.php\/wp-json\/wp\/v2\/comments?post=1414"}],"version-history":[{"count":1,"href":"https:\/\/www.paranapraia.com.br\/index.php\/wp-json\/wp\/v2\/posts\/1414\/revisions"}],"predecessor-version":[{"id":1416,"href":"https:\/\/www.paranapraia.com.br\/index.php\/wp-json\/wp\/v2\/posts\/1414\/revisions\/1416"}],"wp:featuredmedia":[{"embeddable":true,"href":"https:\/\/www.paranapraia.com.br\/index.php\/wp-json\/wp\/v2\/media\/1415"}],"wp:attachment":[{"href":"https:\/\/www.paranapraia.com.br\/index.php\/wp-json\/wp\/v2\/media?parent=1414"}],"wp:term":[{"taxonomy":"category","embeddable":true,"href":"https:\/\/www.paranapraia.com.br\/index.php\/wp-json\/wp\/v2\/categories?post=1414"},{"taxonomy":"post_tag","embeddable":true,"href":"https:\/\/www.paranapraia.com.br\/index.php\/wp-json\/wp\/v2\/tags?post=1414"}],"curies":[{"name":"wp","href":"https:\/\/api.w.org\/{rel}","templated":true}]}}