{"id":13268,"date":"2019-06-13T16:35:42","date_gmt":"2019-06-13T19:35:42","guid":{"rendered":"https:\/\/www.paranapraia.com.br\/?p=13268"},"modified":"2019-06-13T16:35:44","modified_gmt":"2019-06-13T19:35:44","slug":"carretas-adaptadas-levarao-qualificacao-profissional-a-47-cidades","status":"publish","type":"post","link":"https:\/\/www.paranapraia.com.br\/index.php\/2019\/06\/13\/carretas-adaptadas-levarao-qualificacao-profissional-a-47-cidades\/","title":{"rendered":"Carretas adaptadas levar\u00e3o qualifica\u00e7\u00e3o profissional a 47 cidades"},"content":{"rendered":"\n<p>A Secretaria de Estado da Justi\u00e7a, Fam\u00edlia e Trabalho escolheu o bairro Uberaba para ser o primeiro de Curitiba a receber o projeto Carretas do Conhecimento, realizado em parceria com a Volkswagen e o Senai\/PR. A partir de julho, o programa percorrer\u00e1 o Estado com carretas adaptadas e com infraestrutura completa para qualifica\u00e7\u00e3o profissional. Ser\u00e3o oito ve\u00edculos, um deles para atender a Capital.<\/p>\n\n\n\n<p>Ser\u00e3o oferecidos \u00e0 popula\u00e7\u00e3o cursos de panifica\u00e7\u00e3o, costura industrial, aperfei\u00e7oamento em mec\u00e2nica industrial, manuten\u00e7\u00e3o e instala\u00e7\u00e3o de ar-condicionado split, mec\u00e2nica de autom\u00f3veis, aperfei\u00e7oamento em eletricidade automotiva, no\u00e7\u00f5es de mec\u00e2nica de motocicleta e instala\u00e7\u00f5es el\u00e9tricas prediais.<\/p>\n\n\n\n<p>Ainda em Curitiba, os bairros de Santa Felicidade e Tatuquara receber\u00e3o cursos do programa at\u00e9 o final do ano. As carretas passar\u00e3o tamb\u00e9m por outros 46 munic\u00edpios atendidos pelo programa Fam\u00edlia Paranaense, com previs\u00e3o de capacitar mais de 2 mil pessoas apenas em 2019.<\/p>\n\n\n\n<p>De acordo com o secret\u00e1rio da Justi\u00e7a, Fam\u00edlia e Trabalho, Ney Leprevost, essa \u00e9 mais uma oportunidade para quem procura se aperfei\u00e7oar e se qualificar na \u00e1rea em que atua, gerando mais emprego e renda. \u201cO bairro do Uberaba \u00e9 muito populoso e tem realidades distintas. Em meio a grandes condom\u00ednios existem muitas \u00e1reas degradadas, com altos \u00edndices de criminalidade e de desemprego. Por isso, determinamos que seja o primeiro na Capital a receber o projeto\u201d, destacou.<\/p>\n\n\n\n<p>Ser\u00e3o beneficiados com a Carreta do Conhecimento os munic\u00edpios de Corn\u00e9lio Proc\u00f3pio, Bandeirantes, Andir\u00e1, Pato Bragado, Santa Terezinha do Itaipu, S\u00e3o Miguel do Igua\u00e7u, Foz do Igua\u00e7u, Realeza, Amp\u00e9re, Vitorino, Mari\u00f3polis, Chopinzinho, Ibipor\u00e3, Perobal, Cruzeiro do Oeste, Sertan\u00f3polis, Assa\u00ed, Florest\u00f3polis, Jaguaria\u00edva, Reserva, Tibagi, Ouro Verde do Oeste, Cafel\u00e2ndia, Campo Mour\u00e3o, Pontal do Paran\u00e1, Lapa, Campina Grande do Sul, Terra Roxa, Sarandi, Astorga, Santa F\u00e9, Jandaia do Sul, Porto Amazonas, Tel\u00eamaco Borba, Matel\u00e2ndia, Corb\u00e9lia, Peabiru, Engenheiro Beltr\u00e3o, Rio Negro, Morretes, Cidade Ga\u00facha, Camb\u00e9, Colorado, Pai\u00e7andu e Cambar\u00e1.<\/p>\n\n\n\n<p>Colabora\u00e7\u00e3o AEN<a href=\"https:\/\/api.whatsapp.com\/send?text=Carretas%20adaptadas%20levar%C3%A3o%20qualifica%C3%A7%C3%A3o%20profissional%20a%2047%20cidades%20https%3a%2f%2fmassanews.com%2fnoticias%2feducacao%2fcarretas-adaptadas-levarao-qualificacao-profissional-a-47-cidades-X0wpX.html%3futm_source%3dwhatsapp%26utm_medium%3dshare%26utm_content%3dnoticias__educacao%26utm_campaign%3dcarretas-adaptadas-levarao-qualificacao-profissional-a-47-cidades-X0wpX\" target=\"_blank\" rel=\"noreferrer noopener\"><br>\n\n<\/a><\/p>\n","protected":false},"excerpt":{"rendered":"<p>A Secretaria de Estado da Justi\u00e7a, Fam\u00edlia e Trabalho escolheu o bairro Uberaba para ser o primeiro de Curitiba a receber o projeto Carretas do Conhecimento, realizado em parceria com a Volkswagen e o Senai\/PR. A partir de julho, o programa percorrer\u00e1 o Estado com carretas adaptadas e com infraestrutura completa para qualifica\u00e7\u00e3o profissional. Ser\u00e3o [&hellip;]<\/p>\n","protected":false},"author":2,"featured_media":13269,"comment_status":"open","ping_status":"open","sticky":false,"template":"","format":"standard","meta":{"advanced_seo_description":"","jetpack_seo_html_title":"","jetpack_seo_noindex":false,"_jetpack_memberships_contains_paid_content":false,"footnotes":""},"categories":[40],"tags":[],"class_list":{"0":"post-13268","1":"post","2":"type-post","3":"status-publish","4":"format-standard","5":"has-post-thumbnail","7":"category-destaques"},"jetpack_featured_media_url":"https:\/\/www.paranapraia.com.br\/wp-content\/uploads\/2019\/06\/carret.jpg","jetpack_sharing_enabled":true,"_links":{"self":[{"href":"https:\/\/www.paranapraia.com.br\/index.php\/wp-json\/wp\/v2\/posts\/13268"}],"collection":[{"href":"https:\/\/www.paranapraia.com.br\/index.php\/wp-json\/wp\/v2\/posts"}],"about":[{"href":"https:\/\/www.paranapraia.com.br\/index.php\/wp-json\/wp\/v2\/types\/post"}],"author":[{"embeddable":true,"href":"https:\/\/www.paranapraia.com.br\/index.php\/wp-json\/wp\/v2\/users\/2"}],"replies":[{"embeddable":true,"href":"https:\/\/www.paranapraia.com.br\/index.php\/wp-json\/wp\/v2\/comments?post=13268"}],"version-history":[{"count":1,"href":"https:\/\/www.paranapraia.com.br\/index.php\/wp-json\/wp\/v2\/posts\/13268\/revisions"}],"predecessor-version":[{"id":13270,"href":"https:\/\/www.paranapraia.com.br\/index.php\/wp-json\/wp\/v2\/posts\/13268\/revisions\/13270"}],"wp:featuredmedia":[{"embeddable":true,"href":"https:\/\/www.paranapraia.com.br\/index.php\/wp-json\/wp\/v2\/media\/13269"}],"wp:attachment":[{"href":"https:\/\/www.paranapraia.com.br\/index.php\/wp-json\/wp\/v2\/media?parent=13268"}],"wp:term":[{"taxonomy":"category","embeddable":true,"href":"https:\/\/www.paranapraia.com.br\/index.php\/wp-json\/wp\/v2\/categories?post=13268"},{"taxonomy":"post_tag","embeddable":true,"href":"https:\/\/www.paranapraia.com.br\/index.php\/wp-json\/wp\/v2\/tags?post=13268"}],"curies":[{"name":"wp","href":"https:\/\/api.w.org\/{rel}","templated":true}]}}