{"id":13264,"date":"2019-06-13T16:33:48","date_gmt":"2019-06-13T19:33:48","guid":{"rendered":"https:\/\/www.paranapraia.com.br\/?p=13264"},"modified":"2019-06-13T16:33:49","modified_gmt":"2019-06-13T19:33:49","slug":"camara-de-guaratuba-investiga-vereadora-por-divulgar-imagens-de-mulheres-sendo-espiadas-na-praia","status":"publish","type":"post","link":"https:\/\/www.paranapraia.com.br\/index.php\/2019\/06\/13\/camara-de-guaratuba-investiga-vereadora-por-divulgar-imagens-de-mulheres-sendo-espiadas-na-praia\/","title":{"rendered":"C\u00e2mara de Guaratuba investiga vereadora por divulgar imagens de mulheres sendo espiadas na praia"},"content":{"rendered":"\n<h4 class=\"wp-block-heading\">Sindic\u00e2ncia foi aberta ap\u00f3s pedido do prefeito Roberto Justus (DEM); Professora Paulina (PT) faz oposi\u00e7\u00e3o no Legislativo. Quatro servidores foram demitidos por uso irregular de c\u00e2meras de monitoramento.<\/h4>\n\n\n\n<p>A C\u00e2mara de Guaratuba, no litoral do Paran\u00e1, abriu uma sindic\u00e2ncia para investigar a conduta da vereadora Professora Paulina (PT) por denunciar e divulgar\u00a0imagens de mulheres sendo espiadas na praia por c\u00e2meras de monitoramento do munic\u00edpio.<\/p>\n\n\n\n<p>O pedido de investiga\u00e7\u00e3o foi feito pelo prefeito Roberto Justus (DEM) contra a vereadora da oposi\u00e7\u00e3o. A investiga\u00e7\u00e3o por poss\u00edvel falta de decoro parlamentar foi aceita na segunda-feira (10).<\/p>\n\n\n\n<p>Na semana passada,\u00a0quatro servidores foram demitidos\u00a0pela prefeitura ap\u00f3s uma investiga\u00e7\u00e3o pelo uso indevido das c\u00e2meras.<\/p>\n\n\n\n<p>No documento, ele diz que em vez de oficiar o munic\u00edpio e denunciar ao Minist\u00e9rio P\u00fablico do Paran\u00e1 (MP-PR), pol\u00edcia ou at\u00e9 ir \u00e0 tribuna da C\u00e2mara, a vereadora de &#8220;modo irrespons\u00e1vel e doloso&#8221; foi \u00e0 imprensa. \u00c0 \u00e9poca, a vereadora diz ter denunciado o caso ao MP-PR.<\/p>\n\n\n\n<p>&#8220;O prefeito me acusa de ter divulgado as imagens de menores, das pessoas na praia. Eu n\u00e3o divulguei essas imagens, eu n\u00e3o tenho esse poder, eu n\u00e3o sou dona da emissora&#8221;, afirma Paulina.<\/p>\n\n\n\n<p>Ela diz ter denunciado apenas o fato acompanhado das imagens como prova. &#8220;E em momento nenhum fui l\u00e1 e disse que a emissora tem que divulgar a imagem ou n\u00e3o tem. Isso n\u00e3o cabe a mim. A den\u00fancia que eu fiz foi do fato&#8221;, explica a vereadora.<\/p>\n\n\n\n<p>Os v\u00eddeos foram descobertos durante uma investiga\u00e7\u00e3o sobre o desaparecimento de um jovem quando t\u00e9cnicos procuravam imagens dele no sistema.<\/p>\n\n\n\n<p>Caso seja constatada irregularidade pelo Legislativo, como quebra de decoro parlamentar ou improbidade administrativa, a pena m\u00e1xima pode ser a perda do mandato.<\/p>\n\n\n\n<p>&#8220;Era necess\u00e1rio agir, era necess\u00e1rio denunciar o fato que estava acontecendo. N\u00f3s n\u00e3o sabemos h\u00e1 quanto tempo isso estava acontecendo. Se o funcion\u00e1rio ficou 30, 40 minutos do seu dia olhando as mulheres tomar banho de mar, as meninas na praia, isso n\u00e3o pode ser culpa minha&#8221;, diz a vereadora.<\/p>\n\n\n\n<p>A C\u00e2mara e o prefeito n\u00e3o quiseram comentar o assunto.<\/p>\n\n\n\n<h2 class=\"wp-block-heading\">Especialista diz que vereadora n\u00e3o cometeu crime<\/h2>\n\n\n\n<p>Para a especialista em direito p\u00fablico Vivian Valle, a vereadora n\u00e3o cometeu crime de improbidade administrativa. Segundo ela, a divulga\u00e7\u00e3o de uma poss\u00edvel irregularidade faz parte da atua\u00e7\u00e3o de fiscaliza\u00e7\u00e3o do Legislativo.<\/p>\n\n\n\n<p>&#8220;Cabe ao Legislativo a fiscaliza\u00e7\u00e3o do Executivo. Na medida em que tem ci\u00eancia de uma situa\u00e7\u00e3o irregular, de uma ilegalidade e at\u00e9 de um crime cometido dentro dos quadros da administra\u00e7\u00e3o p\u00fablica \u00e9 importante dizer que cabe ao Legislativo a divulga\u00e7\u00e3o dessa situa\u00e7\u00e3o at\u00e9 como car\u00e1ter pedag\u00f3gico. Pra que essa situa\u00e7\u00e3o n\u00e3o venha ocorrer e que possa ser devidamente reprimida&#8221;, afirma.<\/p>\n\n\n\n<p>G1PR<br><\/p>\n\n\n\n<p><br><\/p>\n","protected":false},"excerpt":{"rendered":"<p>Sindic\u00e2ncia foi aberta ap\u00f3s pedido do prefeito Roberto Justus (DEM); Professora Paulina (PT) faz oposi\u00e7\u00e3o no Legislativo. Quatro servidores foram demitidos por uso irregular de c\u00e2meras de monitoramento. A C\u00e2mara de Guaratuba, no litoral do Paran\u00e1, abriu uma sindic\u00e2ncia para investigar a conduta da vereadora Professora Paulina (PT) por denunciar e divulgar\u00a0imagens de mulheres sendo [&hellip;]<\/p>\n","protected":false},"author":2,"featured_media":13265,"comment_status":"open","ping_status":"open","sticky":false,"template":"","format":"standard","meta":{"advanced_seo_description":"","jetpack_seo_html_title":"","jetpack_seo_noindex":false,"_jetpack_memberships_contains_paid_content":false,"footnotes":""},"categories":[40],"tags":[],"class_list":{"0":"post-13264","1":"post","2":"type-post","3":"status-publish","4":"format-standard","5":"has-post-thumbnail","7":"category-destaques"},"jetpack_featured_media_url":"https:\/\/www.paranapraia.com.br\/wp-content\/uploads\/2019\/06\/cammmm.jpg","jetpack_sharing_enabled":true,"_links":{"self":[{"href":"https:\/\/www.paranapraia.com.br\/index.php\/wp-json\/wp\/v2\/posts\/13264"}],"collection":[{"href":"https:\/\/www.paranapraia.com.br\/index.php\/wp-json\/wp\/v2\/posts"}],"about":[{"href":"https:\/\/www.paranapraia.com.br\/index.php\/wp-json\/wp\/v2\/types\/post"}],"author":[{"embeddable":true,"href":"https:\/\/www.paranapraia.com.br\/index.php\/wp-json\/wp\/v2\/users\/2"}],"replies":[{"embeddable":true,"href":"https:\/\/www.paranapraia.com.br\/index.php\/wp-json\/wp\/v2\/comments?post=13264"}],"version-history":[{"count":1,"href":"https:\/\/www.paranapraia.com.br\/index.php\/wp-json\/wp\/v2\/posts\/13264\/revisions"}],"predecessor-version":[{"id":13266,"href":"https:\/\/www.paranapraia.com.br\/index.php\/wp-json\/wp\/v2\/posts\/13264\/revisions\/13266"}],"wp:featuredmedia":[{"embeddable":true,"href":"https:\/\/www.paranapraia.com.br\/index.php\/wp-json\/wp\/v2\/media\/13265"}],"wp:attachment":[{"href":"https:\/\/www.paranapraia.com.br\/index.php\/wp-json\/wp\/v2\/media?parent=13264"}],"wp:term":[{"taxonomy":"category","embeddable":true,"href":"https:\/\/www.paranapraia.com.br\/index.php\/wp-json\/wp\/v2\/categories?post=13264"},{"taxonomy":"post_tag","embeddable":true,"href":"https:\/\/www.paranapraia.com.br\/index.php\/wp-json\/wp\/v2\/tags?post=13264"}],"curies":[{"name":"wp","href":"https:\/\/api.w.org\/{rel}","templated":true}]}}