{"id":13254,"date":"2019-06-13T15:18:45","date_gmt":"2019-06-13T18:18:45","guid":{"rendered":"https:\/\/www.paranapraia.com.br\/?p=13254"},"modified":"2019-06-13T15:18:47","modified_gmt":"2019-06-13T18:18:47","slug":"crianca-e-internada-com-suspeita-de-dengue-hemorragica","status":"publish","type":"post","link":"https:\/\/www.paranapraia.com.br\/index.php\/2019\/06\/13\/crianca-e-internada-com-suspeita-de-dengue-hemorragica\/","title":{"rendered":"Crian\u00e7a \u00e9 internada com suspeita de dengue hemorr\u00e1gica"},"content":{"rendered":"\n<p>Uma menina foi internada, na noite desta ter\u00e7a-feira (11), na UTI do Hospital Cemil, em Umuarama, com suspeita de dengue hemorr\u00e1gica. A crian\u00e7a, que mora em Ipor\u00e3, come\u00e7ou a apresentar os sintomas h\u00e1 uma semana.<\/p>\n\n\n\n<p>De acordo com os m\u00e9dicos, o quadro da sa\u00fade da menina \u00e9 grave. A m\u00e3e da paciente informou que ela foi atendida em Ipor\u00e3, mas precisou ser transferida para Umuarama.<\/p>\n\n\n\n<p>MassaNews<\/p>\n","protected":false},"excerpt":{"rendered":"<p>Uma menina foi internada, na noite desta ter\u00e7a-feira (11), na UTI do Hospital Cemil, em Umuarama, com suspeita de dengue hemorr\u00e1gica. A crian\u00e7a, que mora em Ipor\u00e3, come\u00e7ou a apresentar os sintomas h\u00e1 uma semana. De acordo com os m\u00e9dicos, o quadro da sa\u00fade da menina \u00e9 grave. A m\u00e3e da paciente informou que ela [&hellip;]<\/p>\n","protected":false},"author":2,"featured_media":13255,"comment_status":"open","ping_status":"open","sticky":false,"template":"","format":"standard","meta":{"advanced_seo_description":"","jetpack_seo_html_title":"","jetpack_seo_noindex":false,"_jetpack_memberships_contains_paid_content":false,"footnotes":""},"categories":[50],"tags":[],"class_list":{"0":"post-13254","1":"post","2":"type-post","3":"status-publish","4":"format-standard","5":"has-post-thumbnail","7":"category-saude"},"jetpack_featured_media_url":"https:\/\/www.paranapraia.com.br\/wp-content\/uploads\/2019\/06\/umua.jpg","jetpack_sharing_enabled":true,"_links":{"self":[{"href":"https:\/\/www.paranapraia.com.br\/index.php\/wp-json\/wp\/v2\/posts\/13254"}],"collection":[{"href":"https:\/\/www.paranapraia.com.br\/index.php\/wp-json\/wp\/v2\/posts"}],"about":[{"href":"https:\/\/www.paranapraia.com.br\/index.php\/wp-json\/wp\/v2\/types\/post"}],"author":[{"embeddable":true,"href":"https:\/\/www.paranapraia.com.br\/index.php\/wp-json\/wp\/v2\/users\/2"}],"replies":[{"embeddable":true,"href":"https:\/\/www.paranapraia.com.br\/index.php\/wp-json\/wp\/v2\/comments?post=13254"}],"version-history":[{"count":1,"href":"https:\/\/www.paranapraia.com.br\/index.php\/wp-json\/wp\/v2\/posts\/13254\/revisions"}],"predecessor-version":[{"id":13256,"href":"https:\/\/www.paranapraia.com.br\/index.php\/wp-json\/wp\/v2\/posts\/13254\/revisions\/13256"}],"wp:featuredmedia":[{"embeddable":true,"href":"https:\/\/www.paranapraia.com.br\/index.php\/wp-json\/wp\/v2\/media\/13255"}],"wp:attachment":[{"href":"https:\/\/www.paranapraia.com.br\/index.php\/wp-json\/wp\/v2\/media?parent=13254"}],"wp:term":[{"taxonomy":"category","embeddable":true,"href":"https:\/\/www.paranapraia.com.br\/index.php\/wp-json\/wp\/v2\/categories?post=13254"},{"taxonomy":"post_tag","embeddable":true,"href":"https:\/\/www.paranapraia.com.br\/index.php\/wp-json\/wp\/v2\/tags?post=13254"}],"curies":[{"name":"wp","href":"https:\/\/api.w.org\/{rel}","templated":true}]}}