{"id":13244,"date":"2019-06-13T15:02:01","date_gmt":"2019-06-13T18:02:01","guid":{"rendered":"https:\/\/www.paranapraia.com.br\/?p=13244"},"modified":"2019-06-13T15:02:03","modified_gmt":"2019-06-13T18:02:03","slug":"acidente-envolvendo-biarticulado-e-bicicleta-termina-com-morte-de-ciclista","status":"publish","type":"post","link":"https:\/\/www.paranapraia.com.br\/index.php\/2019\/06\/13\/acidente-envolvendo-biarticulado-e-bicicleta-termina-com-morte-de-ciclista\/","title":{"rendered":"Acidente envolvendo biarticulado e bicicleta termina com morte de ciclista"},"content":{"rendered":"\n<p>Um ciclista, identificado como Lucas Gabriel Ferreira da Silva, 24 anos, morreu no in\u00edcio da tarde desta quinta-feira (13) na canaleta da Avenida Presidente Affonso Camargo, ap\u00f3s bater de frente com um biarticulado da linha Centen\u00e1rio\/Campo Comprido, no Cristo Rei, regi\u00e3o pr\u00f3xima da Rodoferrovi\u00e1ria de Curitiba. O acidente ocorreu por volta das 12h18. A canaleta segue interditada deste ent\u00e3o. O tr\u00e2nsito tamb\u00e9m est\u00e1 lento no local por causa do acidente.<\/p>\n\n\n\n<p>TribunaPr<br><\/p>\n","protected":false},"excerpt":{"rendered":"<p>Um ciclista, identificado como Lucas Gabriel Ferreira da Silva, 24 anos, morreu no in\u00edcio da tarde desta quinta-feira (13) na canaleta da Avenida Presidente Affonso Camargo, ap\u00f3s bater de frente com um biarticulado da linha Centen\u00e1rio\/Campo Comprido, no Cristo Rei, regi\u00e3o pr\u00f3xima da Rodoferrovi\u00e1ria de Curitiba. O acidente ocorreu por volta das 12h18. A canaleta [&hellip;]<\/p>\n","protected":false},"author":2,"featured_media":13245,"comment_status":"open","ping_status":"open","sticky":false,"template":"","format":"standard","meta":{"advanced_seo_description":"","jetpack_seo_html_title":"","jetpack_seo_noindex":false,"_jetpack_memberships_contains_paid_content":false,"footnotes":""},"categories":[52],"tags":[],"class_list":{"0":"post-13244","1":"post","2":"type-post","3":"status-publish","4":"format-standard","5":"has-post-thumbnail","7":"category-acidentes"},"jetpack_featured_media_url":"https:\/\/www.paranapraia.com.br\/wp-content\/uploads\/2019\/06\/cicli.jpeg","jetpack_sharing_enabled":true,"_links":{"self":[{"href":"https:\/\/www.paranapraia.com.br\/index.php\/wp-json\/wp\/v2\/posts\/13244"}],"collection":[{"href":"https:\/\/www.paranapraia.com.br\/index.php\/wp-json\/wp\/v2\/posts"}],"about":[{"href":"https:\/\/www.paranapraia.com.br\/index.php\/wp-json\/wp\/v2\/types\/post"}],"author":[{"embeddable":true,"href":"https:\/\/www.paranapraia.com.br\/index.php\/wp-json\/wp\/v2\/users\/2"}],"replies":[{"embeddable":true,"href":"https:\/\/www.paranapraia.com.br\/index.php\/wp-json\/wp\/v2\/comments?post=13244"}],"version-history":[{"count":1,"href":"https:\/\/www.paranapraia.com.br\/index.php\/wp-json\/wp\/v2\/posts\/13244\/revisions"}],"predecessor-version":[{"id":13246,"href":"https:\/\/www.paranapraia.com.br\/index.php\/wp-json\/wp\/v2\/posts\/13244\/revisions\/13246"}],"wp:featuredmedia":[{"embeddable":true,"href":"https:\/\/www.paranapraia.com.br\/index.php\/wp-json\/wp\/v2\/media\/13245"}],"wp:attachment":[{"href":"https:\/\/www.paranapraia.com.br\/index.php\/wp-json\/wp\/v2\/media?parent=13244"}],"wp:term":[{"taxonomy":"category","embeddable":true,"href":"https:\/\/www.paranapraia.com.br\/index.php\/wp-json\/wp\/v2\/categories?post=13244"},{"taxonomy":"post_tag","embeddable":true,"href":"https:\/\/www.paranapraia.com.br\/index.php\/wp-json\/wp\/v2\/tags?post=13244"}],"curies":[{"name":"wp","href":"https:\/\/api.w.org\/{rel}","templated":true}]}}