{"id":13241,"date":"2019-06-13T15:01:25","date_gmt":"2019-06-13T18:01:25","guid":{"rendered":"https:\/\/www.paranapraia.com.br\/?p=13241"},"modified":"2019-06-13T15:01:26","modified_gmt":"2019-06-13T18:01:26","slug":"homem-morre-atropelado-na-br-277-prf-suspeita-de-onibus-de-turismo","status":"publish","type":"post","link":"https:\/\/www.paranapraia.com.br\/index.php\/2019\/06\/13\/homem-morre-atropelado-na-br-277-prf-suspeita-de-onibus-de-turismo\/","title":{"rendered":"Homem morre atropelado na BR-277; PRF suspeita de \u00f4nibus de turismo"},"content":{"rendered":"\n<h4 class=\"wp-block-heading\">Acidente aconteceu na manh\u00e3 desta quinta-feira (13), em Foz do Igua\u00e7u, pr\u00f3ximo ao viaduto da Avenida Paran\u00e1.<\/h4>\n\n\n\n<p>Um homem morreu atropelado na manh\u00e3 desta quinta-feira (13) em um trecho da BR-277 em Foz do Igua\u00e7u, no oeste do Paran\u00e1.<\/p>\n\n\n\n<p>Segundo a Pol\u00edcia Rodovi\u00e1ria Federal (PRF), o acidente aconteceu por volta das 7h, pr\u00f3ximo ao viaduto da Avenida Paran\u00e1, no sentido \u00e0 sa\u00edda da cidade.<\/p>\n\n\n\n<p>A suspeita \u00e9 de que o jovem, que estava sem documentos, tenha sido atropelado por um \u00f4nibus de turismo, cujo motorista fugiu sem prestar socorro \u00e0 v\u00edtima.<\/p>\n\n\n\n<p>De acordo com a PRF, o limite m\u00e1ximo de velocidade no trecho \u00e9 de 60 km\/h e n\u00e3o h\u00e1 passarela pr\u00f3xima.<\/p>\n\n\n\n<p>O tr\u00e2nsito na rodovia foi parcialmente interditado durante o trabalho da per\u00edcia.<\/p>\n\n\n\n<p>O corpo do homem foi levado para o Instituto M\u00e9dico-Legal (IML) em Foz do Igua\u00e7u.<\/p>\n\n\n\n<p>A pol\u00edcia informou que um suspeito deve se apresentar para ser ouvido na delegacia ainda nesta quinta-feira.<\/p>\n\n\n\n<p>G1<\/p>\n","protected":false},"excerpt":{"rendered":"<p>Acidente aconteceu na manh\u00e3 desta quinta-feira (13), em Foz do Igua\u00e7u, pr\u00f3ximo ao viaduto da Avenida Paran\u00e1. Um homem morreu atropelado na manh\u00e3 desta quinta-feira (13) em um trecho da BR-277 em Foz do Igua\u00e7u, no oeste do Paran\u00e1. Segundo a Pol\u00edcia Rodovi\u00e1ria Federal (PRF), o acidente aconteceu por volta das 7h, pr\u00f3ximo ao viaduto [&hellip;]<\/p>\n","protected":false},"author":2,"featured_media":13242,"comment_status":"open","ping_status":"open","sticky":false,"template":"","format":"standard","meta":{"advanced_seo_description":"","jetpack_seo_html_title":"","jetpack_seo_noindex":false,"_jetpack_memberships_contains_paid_content":false,"footnotes":""},"categories":[33],"tags":[],"class_list":{"0":"post-13241","1":"post","2":"type-post","3":"status-publish","4":"format-standard","5":"has-post-thumbnail","7":"category-policia"},"jetpack_featured_media_url":"https:\/\/www.paranapraia.com.br\/wp-content\/uploads\/2019\/06\/prf-em.jpg","jetpack_sharing_enabled":true,"_links":{"self":[{"href":"https:\/\/www.paranapraia.com.br\/index.php\/wp-json\/wp\/v2\/posts\/13241"}],"collection":[{"href":"https:\/\/www.paranapraia.com.br\/index.php\/wp-json\/wp\/v2\/posts"}],"about":[{"href":"https:\/\/www.paranapraia.com.br\/index.php\/wp-json\/wp\/v2\/types\/post"}],"author":[{"embeddable":true,"href":"https:\/\/www.paranapraia.com.br\/index.php\/wp-json\/wp\/v2\/users\/2"}],"replies":[{"embeddable":true,"href":"https:\/\/www.paranapraia.com.br\/index.php\/wp-json\/wp\/v2\/comments?post=13241"}],"version-history":[{"count":1,"href":"https:\/\/www.paranapraia.com.br\/index.php\/wp-json\/wp\/v2\/posts\/13241\/revisions"}],"predecessor-version":[{"id":13243,"href":"https:\/\/www.paranapraia.com.br\/index.php\/wp-json\/wp\/v2\/posts\/13241\/revisions\/13243"}],"wp:featuredmedia":[{"embeddable":true,"href":"https:\/\/www.paranapraia.com.br\/index.php\/wp-json\/wp\/v2\/media\/13242"}],"wp:attachment":[{"href":"https:\/\/www.paranapraia.com.br\/index.php\/wp-json\/wp\/v2\/media?parent=13241"}],"wp:term":[{"taxonomy":"category","embeddable":true,"href":"https:\/\/www.paranapraia.com.br\/index.php\/wp-json\/wp\/v2\/categories?post=13241"},{"taxonomy":"post_tag","embeddable":true,"href":"https:\/\/www.paranapraia.com.br\/index.php\/wp-json\/wp\/v2\/tags?post=13241"}],"curies":[{"name":"wp","href":"https:\/\/api.w.org\/{rel}","templated":true}]}}