{"id":13235,"date":"2019-06-13T14:57:42","date_gmt":"2019-06-13T17:57:42","guid":{"rendered":"https:\/\/www.paranapraia.com.br\/?p=13235"},"modified":"2019-06-13T14:57:43","modified_gmt":"2019-06-13T17:57:43","slug":"avenida-manoel-ribas-tera-bloqueio-de-transito-neste-domingo","status":"publish","type":"post","link":"https:\/\/www.paranapraia.com.br\/index.php\/2019\/06\/13\/avenida-manoel-ribas-tera-bloqueio-de-transito-neste-domingo\/","title":{"rendered":"Avenida Manoel Ribas ter\u00e1 bloqueio de tr\u00e2nsito neste domingo"},"content":{"rendered":"\n<p>A Avenida Manoel Ribas estar\u00e1 bloqueada neste domingo (16\/6), das 7h \u00e0s 7h30, para a largada da quinta edi\u00e7\u00e3o da Corrida 15k Santa Felicidade.<\/p>\n\n\n\n<p>Os motoristas n\u00e3o poder\u00e3o passar pela avenida no trecho entre os restaurantes Dom Ant\u00f4nio e Cascatinha. O restante do percurso estar\u00e1 liberado, mas com compartilhamento entre os ve\u00edculos e os corredores.<\/p>\n\n\n\n<p>A prova tem duas modalidades: de 5,5 km e de 15 km e vai at\u00e9 as 9h30. Saindo da Manoel Ribas (em frente ao restaurante Dom Ant\u00f4nio), os atletas seguem pelas ruas Jacarezinho, C\u00e2ndido Hartmann, Ant\u00f4nio Escorsin e Vereador Toaldo T\u00falio.<\/p>\n\n\n\n<p>Agentes da Superintend\u00eancia de Tr\u00e2nsito (Setran) e monitores estar\u00e3o em pontos diversos ao longo do trajeto para fazer orienta\u00e7\u00f5es e acompanhar o evento.<\/p>\n\n\n\n<p>Desvios<br>Os motoristas que costumam utilizar a Avenida Manoel Ribas para seguir em dire\u00e7\u00e3o ao Centro, Juvev\u00ea e adjac\u00eancias podem desviar pela Rua Madre Clelia Meiloni (virando a esquerda a partir da Manoel Ribas).<\/p>\n\n\n\n<p>J\u00e1 os motoristas que estiverem na Avenida C\u00e2ndido Hartmann, sentido Santa Felicidade, podem fazer o desvio acessando a Rua \u00c2ngelo Maestrelli.<\/p>\n\n\n\n<p>BemParan\u00e1<\/p>\n","protected":false},"excerpt":{"rendered":"<p>A Avenida Manoel Ribas estar\u00e1 bloqueada neste domingo (16\/6), das 7h \u00e0s 7h30, para a largada da quinta edi\u00e7\u00e3o da Corrida 15k Santa Felicidade. Os motoristas n\u00e3o poder\u00e3o passar pela avenida no trecho entre os restaurantes Dom Ant\u00f4nio e Cascatinha. O restante do percurso estar\u00e1 liberado, mas com compartilhamento entre os ve\u00edculos e os corredores. [&hellip;]<\/p>\n","protected":false},"author":2,"featured_media":13236,"comment_status":"open","ping_status":"open","sticky":false,"template":"","format":"standard","meta":{"advanced_seo_description":"","jetpack_seo_html_title":"","jetpack_seo_noindex":false,"_jetpack_memberships_contains_paid_content":false,"footnotes":""},"categories":[37],"tags":[],"class_list":{"0":"post-13235","1":"post","2":"type-post","3":"status-publish","4":"format-standard","5":"has-post-thumbnail","7":"category-esporte"},"jetpack_featured_media_url":"https:\/\/www.paranapraia.com.br\/wp-content\/uploads\/2019\/06\/lazer.jpg","jetpack_sharing_enabled":true,"_links":{"self":[{"href":"https:\/\/www.paranapraia.com.br\/index.php\/wp-json\/wp\/v2\/posts\/13235"}],"collection":[{"href":"https:\/\/www.paranapraia.com.br\/index.php\/wp-json\/wp\/v2\/posts"}],"about":[{"href":"https:\/\/www.paranapraia.com.br\/index.php\/wp-json\/wp\/v2\/types\/post"}],"author":[{"embeddable":true,"href":"https:\/\/www.paranapraia.com.br\/index.php\/wp-json\/wp\/v2\/users\/2"}],"replies":[{"embeddable":true,"href":"https:\/\/www.paranapraia.com.br\/index.php\/wp-json\/wp\/v2\/comments?post=13235"}],"version-history":[{"count":1,"href":"https:\/\/www.paranapraia.com.br\/index.php\/wp-json\/wp\/v2\/posts\/13235\/revisions"}],"predecessor-version":[{"id":13237,"href":"https:\/\/www.paranapraia.com.br\/index.php\/wp-json\/wp\/v2\/posts\/13235\/revisions\/13237"}],"wp:featuredmedia":[{"embeddable":true,"href":"https:\/\/www.paranapraia.com.br\/index.php\/wp-json\/wp\/v2\/media\/13236"}],"wp:attachment":[{"href":"https:\/\/www.paranapraia.com.br\/index.php\/wp-json\/wp\/v2\/media?parent=13235"}],"wp:term":[{"taxonomy":"category","embeddable":true,"href":"https:\/\/www.paranapraia.com.br\/index.php\/wp-json\/wp\/v2\/categories?post=13235"},{"taxonomy":"post_tag","embeddable":true,"href":"https:\/\/www.paranapraia.com.br\/index.php\/wp-json\/wp\/v2\/tags?post=13235"}],"curies":[{"name":"wp","href":"https:\/\/api.w.org\/{rel}","templated":true}]}}