{"id":13222,"date":"2019-06-13T13:31:49","date_gmt":"2019-06-13T16:31:49","guid":{"rendered":"https:\/\/www.paranapraia.com.br\/?p=13222"},"modified":"2019-06-13T13:31:50","modified_gmt":"2019-06-13T16:31:50","slug":"jovem-e-executado-a-tiros-ao-deixar-filha-na-escola","status":"publish","type":"post","link":"https:\/\/www.paranapraia.com.br\/index.php\/2019\/06\/13\/jovem-e-executado-a-tiros-ao-deixar-filha-na-escola\/","title":{"rendered":"Jovem \u00e9 executado a tiros ao deixar filha na escola"},"content":{"rendered":"\n<p>Um jovem foi executado a tiros no in\u00edcio da tarde desta quarta-feira (12), no bairro S\u00e3o Jo\u00e3o Batista, em Almirante Tamandar\u00e9. A v\u00edtima, que conduzia uma motocicleta, voltava para casa depois de deixar a filha, de quatro anos, na escola.<\/p>\n\n\n\n<p>De acordo com a Pol\u00edcia Militar (PM), pelo menos 12 tiros foram disparados em dire\u00e7\u00e3o a William Jos\u00e9 Stresser Faria, de 26 anos, que morreu na hora. O filho mais velho da v\u00edtima, de oito anos, viu o pai morrer e foi o respons\u00e1vel por avisar a m\u00e3e sobre o crime.<\/p>\n\n\n\n<p>Os policiais miliares informaram, ainda, que n\u00e3o encontraram nenhuma passagem policial envolvendo o jovem, que era casado h\u00e1 dez anos. A esposa da v\u00edtima estava gr\u00e1vida.<\/p>\n\n\n\n<p>O corpo do jovem foi encaminhado ao Instituto M\u00e9dico Legal (IML).<\/p>\n\n\n\n<p>Colabora\u00e7\u00e3o Lucas Rocha\/Rede Massa<a href=\"https:\/\/api.whatsapp.com\/send?text=Jovem%20%C3%A9%20executado%20a%20tiros%20ao%20deixar%20filha%20na%20escola%20https%3a%2f%2fmassanews.com%2fnoticias%2fplantao%2fjovem-e-executado-a-tiros-ao-deixar-filha-na-escola-vlxR5.html%3futm_source%3dwhatsapp%26utm_medium%3dshare%26utm_content%3dnoticias__plantao%26utm_campaign%3djovem-e-executado-a-tiros-ao-deixar-filha-na-escola-vlxR5\" target=\"_blank\" rel=\"noreferrer noopener\"><br>\n\n<\/a><\/p>\n","protected":false},"excerpt":{"rendered":"<p>Um jovem foi executado a tiros no in\u00edcio da tarde desta quarta-feira (12), no bairro S\u00e3o Jo\u00e3o Batista, em Almirante Tamandar\u00e9. A v\u00edtima, que conduzia uma motocicleta, voltava para casa depois de deixar a filha, de quatro anos, na escola. De acordo com a Pol\u00edcia Militar (PM), pelo menos 12 tiros foram disparados em dire\u00e7\u00e3o [&hellip;]<\/p>\n","protected":false},"author":2,"featured_media":13223,"comment_status":"open","ping_status":"open","sticky":false,"template":"","format":"standard","meta":{"advanced_seo_description":"","jetpack_seo_html_title":"","jetpack_seo_noindex":false,"_jetpack_memberships_contains_paid_content":false,"footnotes":""},"categories":[33],"tags":[],"class_list":{"0":"post-13222","1":"post","2":"type-post","3":"status-publish","4":"format-standard","5":"has-post-thumbnail","7":"category-policia"},"jetpack_featured_media_url":"https:\/\/www.paranapraia.com.br\/wp-content\/uploads\/2019\/06\/imll.jpg","jetpack_sharing_enabled":true,"_links":{"self":[{"href":"https:\/\/www.paranapraia.com.br\/index.php\/wp-json\/wp\/v2\/posts\/13222"}],"collection":[{"href":"https:\/\/www.paranapraia.com.br\/index.php\/wp-json\/wp\/v2\/posts"}],"about":[{"href":"https:\/\/www.paranapraia.com.br\/index.php\/wp-json\/wp\/v2\/types\/post"}],"author":[{"embeddable":true,"href":"https:\/\/www.paranapraia.com.br\/index.php\/wp-json\/wp\/v2\/users\/2"}],"replies":[{"embeddable":true,"href":"https:\/\/www.paranapraia.com.br\/index.php\/wp-json\/wp\/v2\/comments?post=13222"}],"version-history":[{"count":1,"href":"https:\/\/www.paranapraia.com.br\/index.php\/wp-json\/wp\/v2\/posts\/13222\/revisions"}],"predecessor-version":[{"id":13224,"href":"https:\/\/www.paranapraia.com.br\/index.php\/wp-json\/wp\/v2\/posts\/13222\/revisions\/13224"}],"wp:featuredmedia":[{"embeddable":true,"href":"https:\/\/www.paranapraia.com.br\/index.php\/wp-json\/wp\/v2\/media\/13223"}],"wp:attachment":[{"href":"https:\/\/www.paranapraia.com.br\/index.php\/wp-json\/wp\/v2\/media?parent=13222"}],"wp:term":[{"taxonomy":"category","embeddable":true,"href":"https:\/\/www.paranapraia.com.br\/index.php\/wp-json\/wp\/v2\/categories?post=13222"},{"taxonomy":"post_tag","embeddable":true,"href":"https:\/\/www.paranapraia.com.br\/index.php\/wp-json\/wp\/v2\/tags?post=13222"}],"curies":[{"name":"wp","href":"https:\/\/api.w.org\/{rel}","templated":true}]}}