{"id":13219,"date":"2019-06-13T12:13:26","date_gmt":"2019-06-13T15:13:26","guid":{"rendered":"https:\/\/www.paranapraia.com.br\/?p=13219"},"modified":"2019-06-13T12:13:28","modified_gmt":"2019-06-13T15:13:28","slug":"rapaz-e-vitima-de-latrocinio-quando-saia-para-o-trabalho","status":"publish","type":"post","link":"https:\/\/www.paranapraia.com.br\/index.php\/2019\/06\/13\/rapaz-e-vitima-de-latrocinio-quando-saia-para-o-trabalho\/","title":{"rendered":"Rapaz \u00e9 v\u00edtima de latroc\u00ednio quando saia para o trabalho"},"content":{"rendered":"\n<p>Um jovem de apenas 21 anos foi cruelmente assassinado em um assalto na noite de quarta-feira (12), em Arauc\u00e1ria. Elias Martins dos Santos saia para o trabalho e quando chegou ao ponto de \u00f4nibus, bem pr\u00f3ximo da casa onde morava, na Rua Marechal Juarez T\u00e1vora, foi rendido por dois indiv\u00edduos, que de acordo com a Pol\u00edcia Militar, chegaram a p\u00e9 e encapuzados deram voz de assalto a v\u00edtima.<\/p>\n\n\n\n<p>Ainda conforme a pol\u00edcia, a dupla tirou a bolsa das costas da v\u00edtima, que teria tentado impedir e neste momento, foi atingido por um tiro de calibre 22 no ombro. A dupla fugiu a p\u00e9, levando a bolsa de Elias.<\/p>\n\n\n\n<p>O Siate foi acionado por volta de 20h24, mas o rapaz morreu no local.<\/p>\n\n\n\n<p>Familiares relataram que Elias trabalhava na produ\u00e7\u00e3o de uma empresa no per\u00edodo noturno. O rapaz, estava de casamento marcado para o fim deste ano. Os familiares tamb\u00e9m disseram que Elias era evang\u00e9lico e m\u00fasico na igreja que frequentava.<\/p>\n\n\n\n<p>A Pol\u00edcia Civil investiga o crime. Os suspeitos foram procurados, mas n\u00e3o foram localizados. Imagens de c\u00e2meras de seguran\u00e7a devem ajudar na identifica\u00e7\u00e3o dos suspeitos.<\/p>\n\n\n\n<p>MassaNews<\/p>\n","protected":false},"excerpt":{"rendered":"<p>Um jovem de apenas 21 anos foi cruelmente assassinado em um assalto na noite de quarta-feira (12), em Arauc\u00e1ria. Elias Martins dos Santos saia para o trabalho e quando chegou ao ponto de \u00f4nibus, bem pr\u00f3ximo da casa onde morava, na Rua Marechal Juarez T\u00e1vora, foi rendido por dois indiv\u00edduos, que de acordo com a [&hellip;]<\/p>\n","protected":false},"author":2,"featured_media":13220,"comment_status":"open","ping_status":"open","sticky":false,"template":"","format":"standard","meta":{"advanced_seo_description":"","jetpack_seo_html_title":"","jetpack_seo_noindex":false,"_jetpack_memberships_contains_paid_content":false,"footnotes":""},"categories":[33],"tags":[],"class_list":{"0":"post-13219","1":"post","2":"type-post","3":"status-publish","4":"format-standard","5":"has-post-thumbnail","7":"category-policia"},"jetpack_featured_media_url":"https:\/\/www.paranapraia.com.br\/wp-content\/uploads\/2019\/06\/multi.jpg","jetpack_sharing_enabled":true,"_links":{"self":[{"href":"https:\/\/www.paranapraia.com.br\/index.php\/wp-json\/wp\/v2\/posts\/13219"}],"collection":[{"href":"https:\/\/www.paranapraia.com.br\/index.php\/wp-json\/wp\/v2\/posts"}],"about":[{"href":"https:\/\/www.paranapraia.com.br\/index.php\/wp-json\/wp\/v2\/types\/post"}],"author":[{"embeddable":true,"href":"https:\/\/www.paranapraia.com.br\/index.php\/wp-json\/wp\/v2\/users\/2"}],"replies":[{"embeddable":true,"href":"https:\/\/www.paranapraia.com.br\/index.php\/wp-json\/wp\/v2\/comments?post=13219"}],"version-history":[{"count":1,"href":"https:\/\/www.paranapraia.com.br\/index.php\/wp-json\/wp\/v2\/posts\/13219\/revisions"}],"predecessor-version":[{"id":13221,"href":"https:\/\/www.paranapraia.com.br\/index.php\/wp-json\/wp\/v2\/posts\/13219\/revisions\/13221"}],"wp:featuredmedia":[{"embeddable":true,"href":"https:\/\/www.paranapraia.com.br\/index.php\/wp-json\/wp\/v2\/media\/13220"}],"wp:attachment":[{"href":"https:\/\/www.paranapraia.com.br\/index.php\/wp-json\/wp\/v2\/media?parent=13219"}],"wp:term":[{"taxonomy":"category","embeddable":true,"href":"https:\/\/www.paranapraia.com.br\/index.php\/wp-json\/wp\/v2\/categories?post=13219"},{"taxonomy":"post_tag","embeddable":true,"href":"https:\/\/www.paranapraia.com.br\/index.php\/wp-json\/wp\/v2\/tags?post=13219"}],"curies":[{"name":"wp","href":"https:\/\/api.w.org\/{rel}","templated":true}]}}