{"id":13210,"date":"2019-06-13T12:10:23","date_gmt":"2019-06-13T15:10:23","guid":{"rendered":"https:\/\/www.paranapraia.com.br\/?p=13210"},"modified":"2019-06-13T12:10:24","modified_gmt":"2019-06-13T15:10:24","slug":"alarme-dispara-e-frustra-furto-em-agencia-bancaria","status":"publish","type":"post","link":"https:\/\/www.paranapraia.com.br\/index.php\/2019\/06\/13\/alarme-dispara-e-frustra-furto-em-agencia-bancaria\/","title":{"rendered":"Alarme dispara e frustra furto em ag\u00eancia banc\u00e1ria"},"content":{"rendered":"\n<p>Uma ag\u00eancia banc\u00e1ria foi alvo de uma tentativa de furto na madrugada desta quinta-feira (13), em Fazenda Rio Grande, na Regi\u00e3o Metropolitana de Curitiba. De acordo com as primeiras informa\u00e7\u00f5es da Pol\u00edcia Militar, a a\u00e7\u00e3o foi registrada por volta de 4h40, na Rua Jacarand\u00e1, bem em frente a prefeitura.<\/p>\n\n\n\n<p>A pol\u00edcia foi acionada ap\u00f3s o disparo do alarme da ag\u00eancia alertar o sistema de monitoramento que havia movimenta\u00e7\u00e3o no local. &nbsp;Ainda conforme a pol\u00edcia, quando a equipe chegou ao local se deparou com um ve\u00edculo Kombi estacionado e a garagem do subsolo aberta. A pol\u00edcia constatou ainda que o grupo teria invadido uma loja ao lado da ag\u00eancia, quebrado a parede e acessado o local onde fica o cofre. No entanto, o disparo do alarme teria teria feito com que o grupo fugisse. Conforme a pol\u00edcia, o grupo fugiu sem levar nenhum valor.<\/p>\n\n\n\n<p>O Centro do Opera\u00e7\u00f5es Policiais Especiais (Cope) e o Instituto de Criminal\u00edstica foram acionados. C\u00e2meras de seguran\u00e7a podem ajudar nas investiga\u00e7\u00f5es.<\/p>\n\n\n\n<h2 class=\"wp-block-heading\">Atualiza\u00e7\u00e3o<\/h2>\n\n\n\n<p>Por conta do ocorrido, n\u00e3o haver\u00e1 atendimento ao p\u00fablico na ag\u00eancia nesta quinta-feira.\u00a0<\/p>\n\n\n\n<p>MassaNews<\/p>\n","protected":false},"excerpt":{"rendered":"<p>Uma ag\u00eancia banc\u00e1ria foi alvo de uma tentativa de furto na madrugada desta quinta-feira (13), em Fazenda Rio Grande, na Regi\u00e3o Metropolitana de Curitiba. De acordo com as primeiras informa\u00e7\u00f5es da Pol\u00edcia Militar, a a\u00e7\u00e3o foi registrada por volta de 4h40, na Rua Jacarand\u00e1, bem em frente a prefeitura. A pol\u00edcia foi acionada ap\u00f3s o [&hellip;]<\/p>\n","protected":false},"author":2,"featured_media":13211,"comment_status":"open","ping_status":"open","sticky":false,"template":"","format":"standard","meta":{"advanced_seo_description":"","jetpack_seo_html_title":"","jetpack_seo_noindex":false,"_jetpack_memberships_contains_paid_content":false,"footnotes":""},"categories":[43],"tags":[],"class_list":{"0":"post-13210","1":"post","2":"type-post","3":"status-publish","4":"format-standard","5":"has-post-thumbnail","7":"category-cotidiano"},"jetpack_featured_media_url":"https:\/\/www.paranapraia.com.br\/wp-content\/uploads\/2019\/06\/inoper.jpg","jetpack_sharing_enabled":true,"_links":{"self":[{"href":"https:\/\/www.paranapraia.com.br\/index.php\/wp-json\/wp\/v2\/posts\/13210"}],"collection":[{"href":"https:\/\/www.paranapraia.com.br\/index.php\/wp-json\/wp\/v2\/posts"}],"about":[{"href":"https:\/\/www.paranapraia.com.br\/index.php\/wp-json\/wp\/v2\/types\/post"}],"author":[{"embeddable":true,"href":"https:\/\/www.paranapraia.com.br\/index.php\/wp-json\/wp\/v2\/users\/2"}],"replies":[{"embeddable":true,"href":"https:\/\/www.paranapraia.com.br\/index.php\/wp-json\/wp\/v2\/comments?post=13210"}],"version-history":[{"count":1,"href":"https:\/\/www.paranapraia.com.br\/index.php\/wp-json\/wp\/v2\/posts\/13210\/revisions"}],"predecessor-version":[{"id":13212,"href":"https:\/\/www.paranapraia.com.br\/index.php\/wp-json\/wp\/v2\/posts\/13210\/revisions\/13212"}],"wp:featuredmedia":[{"embeddable":true,"href":"https:\/\/www.paranapraia.com.br\/index.php\/wp-json\/wp\/v2\/media\/13211"}],"wp:attachment":[{"href":"https:\/\/www.paranapraia.com.br\/index.php\/wp-json\/wp\/v2\/media?parent=13210"}],"wp:term":[{"taxonomy":"category","embeddable":true,"href":"https:\/\/www.paranapraia.com.br\/index.php\/wp-json\/wp\/v2\/categories?post=13210"},{"taxonomy":"post_tag","embeddable":true,"href":"https:\/\/www.paranapraia.com.br\/index.php\/wp-json\/wp\/v2\/tags?post=13210"}],"curies":[{"name":"wp","href":"https:\/\/api.w.org\/{rel}","templated":true}]}}