{"id":13130,"date":"2019-06-12T14:44:53","date_gmt":"2019-06-12T17:44:53","guid":{"rendered":"https:\/\/www.paranapraia.com.br\/?p=13130"},"modified":"2019-06-12T14:44:56","modified_gmt":"2019-06-12T17:44:56","slug":"prefeitura-de-sao-jose-dos-pinhais-confirma-festa-do-pinhao-dias-5-6-e-7-de-julho","status":"publish","type":"post","link":"https:\/\/www.paranapraia.com.br\/index.php\/2019\/06\/12\/prefeitura-de-sao-jose-dos-pinhais-confirma-festa-do-pinhao-dias-5-6-e-7-de-julho\/","title":{"rendered":"Prefeitura de S\u00e3o Jos\u00e9 dos Pinhais confirma Festa do Pinh\u00e3o dias 5, 6 e 7 de julho"},"content":{"rendered":"\n<p>A Prefeitura de S\u00e3o Jos\u00e9 dos Pinhais, em parceria com a iniciativa privada, vai realizar a Festa do Pinh\u00e3o 2019, de 5 a 7 de julho, em grande estrutura localizada na Col\u00f4nia Mergulh\u00e3o.<\/p>\n\n\n\n<p>A Festa do Pinh\u00e3o 2019 contar\u00e1 com shows nacionais, pra\u00e7a de alimenta\u00e7\u00e3o, parque de divers\u00f5es, e feira cultural. Para viabilizar a Festa, a Prefeitura este ano ter\u00e1 parceria com a iniciativa privada. Neste modelo a Prefeitura n\u00e3o arca com os custos da festa, j\u00e1 que ela ser\u00e1 realizada por empresa especializada, mantendo sua qualidade e caracter\u00edsticas que sempre fizeram sucesso.<\/p>\n\n\n\n<p>A festa era muito aguardada, pois a \u00faltima edi\u00e7\u00e3o aconteceu no ano de 2015 \u2013 sendo inviabilizada nos anos seguintes devido \u00e0 realidade financeira do munic\u00edpio, o que obrigou a readequa\u00e7\u00e3o da receita.<\/p>\n\n\n\n<p>BemParan\u00e1<\/p>\n","protected":false},"excerpt":{"rendered":"<p>A Prefeitura de S\u00e3o Jos\u00e9 dos Pinhais, em parceria com a iniciativa privada, vai realizar a Festa do Pinh\u00e3o 2019, de 5 a 7 de julho, em grande estrutura localizada na Col\u00f4nia Mergulh\u00e3o. A Festa do Pinh\u00e3o 2019 contar\u00e1 com shows nacionais, pra\u00e7a de alimenta\u00e7\u00e3o, parque de divers\u00f5es, e feira cultural. Para viabilizar a Festa, [&hellip;]<\/p>\n","protected":false},"author":2,"featured_media":13131,"comment_status":"open","ping_status":"open","sticky":false,"template":"","format":"standard","meta":{"advanced_seo_description":"","jetpack_seo_html_title":"","jetpack_seo_noindex":false,"_jetpack_memberships_contains_paid_content":false,"footnotes":""},"categories":[46],"tags":[],"class_list":{"0":"post-13130","1":"post","2":"type-post","3":"status-publish","4":"format-standard","5":"has-post-thumbnail","7":"category-festa-e-eventos"},"jetpack_featured_media_url":"https:\/\/www.paranapraia.com.br\/wp-content\/uploads\/2019\/06\/pinhaozera.jpg","jetpack_sharing_enabled":true,"_links":{"self":[{"href":"https:\/\/www.paranapraia.com.br\/index.php\/wp-json\/wp\/v2\/posts\/13130"}],"collection":[{"href":"https:\/\/www.paranapraia.com.br\/index.php\/wp-json\/wp\/v2\/posts"}],"about":[{"href":"https:\/\/www.paranapraia.com.br\/index.php\/wp-json\/wp\/v2\/types\/post"}],"author":[{"embeddable":true,"href":"https:\/\/www.paranapraia.com.br\/index.php\/wp-json\/wp\/v2\/users\/2"}],"replies":[{"embeddable":true,"href":"https:\/\/www.paranapraia.com.br\/index.php\/wp-json\/wp\/v2\/comments?post=13130"}],"version-history":[{"count":1,"href":"https:\/\/www.paranapraia.com.br\/index.php\/wp-json\/wp\/v2\/posts\/13130\/revisions"}],"predecessor-version":[{"id":13132,"href":"https:\/\/www.paranapraia.com.br\/index.php\/wp-json\/wp\/v2\/posts\/13130\/revisions\/13132"}],"wp:featuredmedia":[{"embeddable":true,"href":"https:\/\/www.paranapraia.com.br\/index.php\/wp-json\/wp\/v2\/media\/13131"}],"wp:attachment":[{"href":"https:\/\/www.paranapraia.com.br\/index.php\/wp-json\/wp\/v2\/media?parent=13130"}],"wp:term":[{"taxonomy":"category","embeddable":true,"href":"https:\/\/www.paranapraia.com.br\/index.php\/wp-json\/wp\/v2\/categories?post=13130"},{"taxonomy":"post_tag","embeddable":true,"href":"https:\/\/www.paranapraia.com.br\/index.php\/wp-json\/wp\/v2\/tags?post=13130"}],"curies":[{"name":"wp","href":"https:\/\/api.w.org\/{rel}","templated":true}]}}