{"id":12414,"date":"2019-06-03T15:17:41","date_gmt":"2019-06-03T18:17:41","guid":{"rendered":"https:\/\/www.paranapraia.com.br\/?p=12414"},"modified":"2019-06-03T15:17:42","modified_gmt":"2019-06-03T18:17:42","slug":"preso-segundo-suspeito-de-envolvimento-em-tentativa-de-homicidio-em-curitiba","status":"publish","type":"post","link":"https:\/\/www.paranapraia.com.br\/index.php\/2019\/06\/03\/preso-segundo-suspeito-de-envolvimento-em-tentativa-de-homicidio-em-curitiba\/","title":{"rendered":"Preso segundo suspeito de envolvimento em tentativa de homic\u00eddio em Curitiba"},"content":{"rendered":"\n<p>A Pol\u00edcia Civil do Paran\u00e1 (PCPR) apresentou nesta segunda-feira (3), o segundo suspeito de participar de uma tentativa de homic\u00eddio que vitimou\u00a0<strong>Felipe Alves da Silva<\/strong>, de 25 anos, no bairro\u00a0<strong>Santa Felicidade<\/strong>, em Curitiba. Trata-se de Dausther Luiz da Silva, participante ativo na emboscada no dia 29 de mar\u00e7o.<\/p>\n\n\n\n<p>Na a\u00e7\u00e3o, a v\u00edtima estava em uma motocicleta estacionada na Rua Manoel Ribas, sentido\u00a0<strong>Campo Magro<\/strong>, em Santa Felicidade, quando outras duas motocicletas chegaram e efetuaram diversos disparos de arma de fogo. O rapaz foi encontrado no local gravemente ferido e encaminhado ao Hospital Cajuru, onde passou por diversas cirurgias e resistiu aos ferimentos.<\/p>\n\n\n\n<p>Conforme as investiga\u00e7\u00f5es da PCPR, testemunhas afirmaram ter ouvido ao menos seis disparos de arma de fogo e, imagens de c\u00e2meras de seguran\u00e7a de estabelecimentos pr\u00f3ximos registraram o momento que as duas motocicletas fugiram do local. A princ\u00edpio o crime teria sido motivado em raz\u00f5es de desaven\u00e7as por ponto de tr\u00e1fico de drogas em Campo Largo, mas com o decorrer das investiga\u00e7\u00f5es, o motivo era outro \u2013 queima de arquivo.<\/p>\n\n\n\n<p>\u201cA vitima sabia quem era o autor de um crime l\u00e1 de 2017. Na oportunidade, quem morreu foi o melhor amigo do Felipe e o respons\u00e1vel tinha conhecimento que a testemunha sabia do fato, Acredita-se que a alega\u00e7\u00e3o para a tentativa de homic\u00eddio seria queima de arquivo\u201d, disse Tathiana Guzella, Delegada da Delegacia da Divis\u00e3o de Homic\u00eddios e Prote\u00e7\u00e3o \u00e0 Pessoa (DHPP).<\/p>\n\n\n\n<figure class=\"wp-block-image\"><img decoding=\"async\" src=\"https:\/\/www.tribunapr.com.br\/wp-content\/uploads\/sites\/1\/2019\/06\/preso1-1110x685.jpg?a86372\" alt=\"Para a delegada Tathiana Guzella, a tentativa de homic\u00eddio seria queima de arquivo. Foto: Felipe Rosa\/Tribuna do Paran\u00e1.\" class=\"wp-image-2987461\"\/><\/figure>\n\n\n\n<p>Para a delegada Tathiana Guzella, a tentativa de homic\u00eddio seria queima de arquivo. Foto: Felipe Rosa\/Tribuna do Paran\u00e1.<\/p>\n\n\n\n<h3 class=\"wp-block-heading\">Adolescente enganou a v\u00edtima<\/h3>\n\n\n\n<p>Uma adolescente de 15 anos tamb\u00e9m participou da estrat\u00e9gia para matar Felipe Alves da Silva. Ela teria marcado pelas redes sociais um encontro com a v\u00edtima com o rapaz pr\u00f3ximo a um motel na regi\u00e3o de Santa Felicidade. Na hora combinada, ela n\u00e3o apareceu at\u00e9 para n\u00e3o ser registrada como participante do crime. \u201cEla foi uma figurante por tr\u00e1s da emboscada. Quem contatou foi o de Dausther Luiz da Silva\u201d ressaltou a delegada.<\/p>\n\n\n\n<p>A opera\u00e7\u00e3o foi denominada \u201cBateias\u201d, pois o primeiro detido foi preso no munic\u00edpio de Campo Largo, Regi\u00e3o Metropolitana de Curitiba.<\/p>\n\n\n\n<p>TribunaPr<br><br><\/p>\n","protected":false},"excerpt":{"rendered":"<p>A Pol\u00edcia Civil do Paran\u00e1 (PCPR) apresentou nesta segunda-feira (3), o segundo suspeito de participar de uma tentativa de homic\u00eddio que vitimou\u00a0Felipe Alves da Silva, de 25 anos, no bairro\u00a0Santa Felicidade, em Curitiba. Trata-se de Dausther Luiz da Silva, participante ativo na emboscada no dia 29 de mar\u00e7o. Na a\u00e7\u00e3o, a v\u00edtima estava em uma [&hellip;]<\/p>\n","protected":false},"author":2,"featured_media":12415,"comment_status":"open","ping_status":"open","sticky":false,"template":"","format":"standard","meta":{"advanced_seo_description":"","jetpack_seo_html_title":"","jetpack_seo_noindex":false,"_jetpack_memberships_contains_paid_content":false,"footnotes":""},"categories":[33],"tags":[],"class_list":{"0":"post-12414","1":"post","2":"type-post","3":"status-publish","4":"format-standard","5":"has-post-thumbnail","7":"category-policia"},"jetpack_featured_media_url":"https:\/\/www.paranapraia.com.br\/wp-content\/uploads\/2019\/06\/preso-loco.jpg","jetpack_sharing_enabled":true,"_links":{"self":[{"href":"https:\/\/www.paranapraia.com.br\/index.php\/wp-json\/wp\/v2\/posts\/12414"}],"collection":[{"href":"https:\/\/www.paranapraia.com.br\/index.php\/wp-json\/wp\/v2\/posts"}],"about":[{"href":"https:\/\/www.paranapraia.com.br\/index.php\/wp-json\/wp\/v2\/types\/post"}],"author":[{"embeddable":true,"href":"https:\/\/www.paranapraia.com.br\/index.php\/wp-json\/wp\/v2\/users\/2"}],"replies":[{"embeddable":true,"href":"https:\/\/www.paranapraia.com.br\/index.php\/wp-json\/wp\/v2\/comments?post=12414"}],"version-history":[{"count":1,"href":"https:\/\/www.paranapraia.com.br\/index.php\/wp-json\/wp\/v2\/posts\/12414\/revisions"}],"predecessor-version":[{"id":12416,"href":"https:\/\/www.paranapraia.com.br\/index.php\/wp-json\/wp\/v2\/posts\/12414\/revisions\/12416"}],"wp:featuredmedia":[{"embeddable":true,"href":"https:\/\/www.paranapraia.com.br\/index.php\/wp-json\/wp\/v2\/media\/12415"}],"wp:attachment":[{"href":"https:\/\/www.paranapraia.com.br\/index.php\/wp-json\/wp\/v2\/media?parent=12414"}],"wp:term":[{"taxonomy":"category","embeddable":true,"href":"https:\/\/www.paranapraia.com.br\/index.php\/wp-json\/wp\/v2\/categories?post=12414"},{"taxonomy":"post_tag","embeddable":true,"href":"https:\/\/www.paranapraia.com.br\/index.php\/wp-json\/wp\/v2\/tags?post=12414"}],"curies":[{"name":"wp","href":"https:\/\/api.w.org\/{rel}","templated":true}]}}