{"id":12277,"date":"2019-06-02T15:41:34","date_gmt":"2019-06-02T18:41:34","guid":{"rendered":"https:\/\/www.paranapraia.com.br\/?p=12277"},"modified":"2019-06-02T15:41:36","modified_gmt":"2019-06-02T18:41:36","slug":"vereadores-de-municipio-em-mg-aprovam-reducao-do-proprio-salario-de-r-6-mil-para-r-12-mil","status":"publish","type":"post","link":"https:\/\/www.paranapraia.com.br\/index.php\/2019\/06\/02\/vereadores-de-municipio-em-mg-aprovam-reducao-do-proprio-salario-de-r-6-mil-para-r-12-mil\/","title":{"rendered":"Vereadores de munic\u00edpio em MG aprovam redu\u00e7\u00e3o do pr\u00f3prio sal\u00e1rio de R$ 6 mil para R$ 1,2 mil"},"content":{"rendered":"\n<h4 class=\"wp-block-heading\">Pol\u00edticos de Arcos tamb\u00e9m aprovaram redu\u00e7\u00e3o de 50% para o prefeito e de 20% para o vice e o secretariado; projeto depende de aprova\u00e7\u00e3o do prefeito<\/h4>\n\n\n\n<p>Vereadores de&nbsp;<a href=\"https:\/\/noticias.r7.com\/minas-gerais\/governo-confirma-cinco-mortes-por-dengue-em-minas-gerais-em-2019-19032019\" target=\"_blank\" rel=\"noreferrer noopener\"><strong>Arcos<\/strong><\/a>, cidade do Oeste de Minas Gerais, a 210 km de Belo Horizonte, aprovaram nesta semana um projeto que reduz os pr\u00f3prios sal\u00e1rios e os rendimentos do prefeito, vice e secretariado do munic\u00edpio. O texto prev\u00ea que os vencimentos mensais dos parlamentares tenham um corte de 80%, passando de R$ 6.180,00 para R$ 1.236,00.PUBLICIDADE<\/p>\n\n\n\n<p>O percentual de redu\u00e7\u00e3o ser\u00e1 diferente para os outros cargos. O prefeito, que ganha R$24.224,41 brutos, vai passar a receber metade do valor, ou seja, R$ 12.112. Os rendimentos dos secret\u00e1rios municipais cair\u00e1 de R$ 7.975 para R$ 6.380 e os do vice-prefeito de R$ 6.458 para R$ 5.166 \u2013 redu\u00e7\u00e3o de 20% em ambos os casos.<\/p>\n\n\n\n<p>Luiz Henrique Sabino Messias (PSB), presidente da C\u00e2mara de Vereadores e autor do projeto, defende que a redu\u00e7\u00e3o \u00e9 importante para os cofres da cidade e para uma mudan\u00e7a de mentalidade sobre os cargos p\u00fablicos. O legislador, que \u00e9 m\u00e9dico, acredita que a pol\u00edtica n\u00e3o deve ser vista como fonte de renda.<\/p>\n\n\n\n<p>\u2014 Eu entendo que a pol\u00edtica n\u00e3o \u00e9 profiss\u00e3o. Todos n\u00f3s podemos ter outra fonte de renda, desde que seja fora do hor\u00e1rio das atividades. N\u00f3s estamos apenas servindo \u00e0 cidade temporariamente.<\/p>\n\n\n\n<p>Segundo Messias, a redu\u00e7\u00e3o dos sal\u00e1rios pode gerar uma economia de R$ 5 milh\u00f5es em quatro anos. Contudo, para que isso aconte\u00e7a, o projeto precisa ser aprovado pelo prefeito Denilson Teixeira (MDB).<\/p>\n\n\n\n<p>O chefe do executivo tem at\u00e9 o pr\u00f3ximo dia 11 de junho para analisar a proposta e tomar sua decis\u00e3o. Caso opte por vetar as mudan\u00e7as, o projeto volta para a C\u00e2mara e os vereadores podem derrubar o veto, caso seja a vontade da maioria.<\/p>\n\n\n\n<p>PublicidadeFechar an\u00fancio<\/p>\n\n\n\n<p>Se o corte salarial for mantido, ele come\u00e7a a valer na pr\u00f3xima gest\u00e3o, que assume em 2021, conforme prev\u00ea a legisla\u00e7\u00e3o.<\/p>\n\n\n\n<p>A reportagem tentou contato com o prefeito, mas ele estava ocupado em agenda neste s\u00e1bado (1).<\/p>\n\n\n\n<p><strong>&nbsp;&nbsp;&nbsp; \u2022 A favor da redu\u00e7\u00e3o:<\/strong><\/p>\n\n\n\n<p>Aparecida Alves (PR)<br>Donizete Bernardes (PTB)<br>Hugo Romano (PSDC)<br>Jo\u00e3o Paulo Teixeira (PSD)<br>Luiz Henrique sabino Messias (PSB)<br>Marcelo Estevam (PV)<br>Rodrigo Carvalho (PRB)<\/p>\n\n\n\n<p><strong>&nbsp;&nbsp;&nbsp; \u2022 Contra a redu\u00e7\u00e3o<\/strong><\/p>\n\n\n\n<p>Aparecida Rabelo (PC do B)<br>Geraldo Adriano (MDB)<br>Jamir Soares (MDB)<br>Jo\u00e3o Carlos (PTC)<br>Magda Fontes (PSDB)<br>Vin\u00edcius Machado (PSB)<\/p>\n\n\n\n<p>R7<br><\/p>\n\n\n\n<p><br><\/p>\n","protected":false},"excerpt":{"rendered":"<p>Pol\u00edticos de Arcos tamb\u00e9m aprovaram redu\u00e7\u00e3o de 50% para o prefeito e de 20% para o vice e o secretariado; projeto depende de aprova\u00e7\u00e3o do prefeito Vereadores de&nbsp;Arcos, cidade do Oeste de Minas Gerais, a 210 km de Belo Horizonte, aprovaram nesta semana um projeto que reduz os pr\u00f3prios sal\u00e1rios e os rendimentos do prefeito, [&hellip;]<\/p>\n","protected":false},"author":2,"featured_media":12278,"comment_status":"open","ping_status":"open","sticky":false,"template":"","format":"standard","meta":{"advanced_seo_description":"","jetpack_seo_html_title":"","jetpack_seo_noindex":false,"_jetpack_memberships_contains_paid_content":false,"footnotes":""},"categories":[32],"tags":[],"class_list":{"0":"post-12277","1":"post","2":"type-post","3":"status-publish","4":"format-standard","5":"has-post-thumbnail","7":"category-politica"},"jetpack_featured_media_url":"https:\/\/www.paranapraia.com.br\/wp-content\/uploads\/2019\/06\/ver.jpeg","jetpack_sharing_enabled":true,"_links":{"self":[{"href":"https:\/\/www.paranapraia.com.br\/index.php\/wp-json\/wp\/v2\/posts\/12277"}],"collection":[{"href":"https:\/\/www.paranapraia.com.br\/index.php\/wp-json\/wp\/v2\/posts"}],"about":[{"href":"https:\/\/www.paranapraia.com.br\/index.php\/wp-json\/wp\/v2\/types\/post"}],"author":[{"embeddable":true,"href":"https:\/\/www.paranapraia.com.br\/index.php\/wp-json\/wp\/v2\/users\/2"}],"replies":[{"embeddable":true,"href":"https:\/\/www.paranapraia.com.br\/index.php\/wp-json\/wp\/v2\/comments?post=12277"}],"version-history":[{"count":1,"href":"https:\/\/www.paranapraia.com.br\/index.php\/wp-json\/wp\/v2\/posts\/12277\/revisions"}],"predecessor-version":[{"id":12279,"href":"https:\/\/www.paranapraia.com.br\/index.php\/wp-json\/wp\/v2\/posts\/12277\/revisions\/12279"}],"wp:featuredmedia":[{"embeddable":true,"href":"https:\/\/www.paranapraia.com.br\/index.php\/wp-json\/wp\/v2\/media\/12278"}],"wp:attachment":[{"href":"https:\/\/www.paranapraia.com.br\/index.php\/wp-json\/wp\/v2\/media?parent=12277"}],"wp:term":[{"taxonomy":"category","embeddable":true,"href":"https:\/\/www.paranapraia.com.br\/index.php\/wp-json\/wp\/v2\/categories?post=12277"},{"taxonomy":"post_tag","embeddable":true,"href":"https:\/\/www.paranapraia.com.br\/index.php\/wp-json\/wp\/v2\/tags?post=12277"}],"curies":[{"name":"wp","href":"https:\/\/api.w.org\/{rel}","templated":true}]}}