{"id":12273,"date":"2019-06-02T15:37:04","date_gmt":"2019-06-02T18:37:04","guid":{"rendered":"https:\/\/www.paranapraia.com.br\/?p=12273"},"modified":"2019-06-02T15:37:05","modified_gmt":"2019-06-02T18:37:05","slug":"escassez-de-comida-leva-a-longas-filas-e-desespero-em-cuba-a-gente-quase-se-mata-para-comprar-uma-lingua-de-porco","status":"publish","type":"post","link":"https:\/\/www.paranapraia.com.br\/index.php\/2019\/06\/02\/escassez-de-comida-leva-a-longas-filas-e-desespero-em-cuba-a-gente-quase-se-mata-para-comprar-uma-lingua-de-porco\/","title":{"rendered":"Escassez de comida leva a longas filas e desespero em Cuba: \u2018A gente quase se mata para comprar uma l\u00edngua de porco\u2019"},"content":{"rendered":"\n<p>Maydelis Blanco Rodr\u00edguez, uma cubana de 32 anos, diz que toda manh\u00e3, quando acorda, s\u00f3 pensa em uma coisa: &#8220;O que vou dar de comer ao meu filho hoje?&#8221;<\/p>\n\n\n\n<p>&#8220;\u00c9 uma situa\u00e7\u00e3o muito desesperadora, voc\u00ea se sente muito impotente porque nem com dinheiro consegue as mercadorias&#8221;, diz ela \u00e0 BBC News Mundo, servi\u00e7o em espanhol da BBC, por telefone de Havana.<\/p>\n\n\n\n<p>Desde o fim de 2018,\u00a0Cuba, que ao longo da hist\u00f3ria sofreu uma s\u00e9rie de crises econ\u00f4micas, enfrenta uma escassez generalizada de alimentos e produtos de higiene (como sabonete e pasta de dente), que se agravou nos \u00faltimos meses.<\/p>\n\n\n\n<p>As autoridades atribuem o desabastecimento ao embargo e medidas dos EUA contra a ilha, especialmente \u00e0s novas san\u00e7\u00f5es do presidente americano, Donald Trump.<\/p>\n\n\n\n<p>&#8220;Esta situa\u00e7\u00e3o tem entre suas causas o recrudescimento do bloqueio econ\u00f4mico, comercial e financeiro imposto pelos Estados Unidos e o aumento das persegui\u00e7\u00f5es financeiras&#8221;, afirmou o presidente cubano, Miguel D\u00edaz-Canel, durante uma reuni\u00e3o da Comiss\u00e3o Agroalimentar do Conselho de Ministros de Cuba em abril.<\/p>\n\n\n\n<p>&#8220;Al\u00e9m da quebra de equipamentos e outros problemas internos, a falta de alguns produtos nos mercados se deve a essas medidas unilaterais promovidas pelo governo dos EUA, o que tamb\u00e9m provocou a redu\u00e7\u00e3o de cr\u00e9dito de financiamento&#8221;, afirmou.<\/p>\n\n\n\n<p>Como rea\u00e7\u00e3o, o governo anunciou neste m\u00eas um plano de racionamento &#8220;tempor\u00e1rio&#8221; para &#8220;conseguir maior equidade na distribui\u00e7\u00e3o de alguns produtos&#8221; e &#8220;evitar a acumula\u00e7\u00e3o compulsiva&#8221;.<\/p>\n\n\n\n<p>Desde ent\u00e3o, comprar salsicha, frango, arroz, ervilha, feij\u00e3o, ovo ou \u00f3leo se tornou um desafio di\u00e1rio para muitos cubanos, al\u00e9m de motivo de discuss\u00e3o e pancadaria.<\/p>\n\n\n\n<p>&#8220;Eu tenho pesadelo com as filas. H\u00e1 fila para tudo. Voc\u00ea perde a vida nas filas&#8221;, diz Blanco Rodr\u00edguez.<\/p>\n\n\n\n<p>Enquanto isso, fotografias de frigor\u00edficos vazios, de filas imensas vigiadas por policiais e agentes de seguran\u00e7a (alguns com armas de alto calibre) e at\u00e9 mesmo de confrontos entre cubanos para comprar produtos como frango,&nbsp;<a href=\"https:\/\/www.bbc.com\/portuguese\/internacional-48022557\">come\u00e7aram a circular nas redes sociais<\/a>&nbsp;de Cuba, \u00e0s quais cada vez mais pessoas t\u00eam acesso.<a href=\"https:\/\/www.bbc.com\/portuguese\/internacional-48457320#jump-linkhttps:\/\/twitter.com\/cristiancrespoj\/status\/1132006319496544256\">Pule Twitter post de @cristiancrespoj<\/a><a href=\"https:\/\/twitter.com\/cristiancrespoj\/status\/1132006319496544256\"><\/a><\/p>\n\n\n\n<figure class=\"wp-block-image\"><a href=\"https:\/\/twitter.com\/cristiancrespoj\"><img decoding=\"async\" src=\"https:\/\/pbs.twimg.com\/profile_images\/1101661552451694594\/x8gFyRjk_normal.jpg\" alt=\"\"\/><\/a><\/figure>\n\n\n\n<p><a href=\"https:\/\/twitter.com\/cristiancrespoj\"><strong>Cristian Crespo F.<\/strong>@cristiancrespoj<\/a><a href=\"https:\/\/twitter.com\/cristiancrespoj\/status\/1132006319496544256\"><\/a><\/p>\n\n\n\n<figure class=\"wp-block-image\"><img decoding=\"async\" src=\"https:\/\/abs.twimg.com\/emoji\/v2\/72x72\/1f621.png\" alt=\"?\"\/><\/figure>\n\n\n\n<figure class=\"wp-block-image\"><img decoding=\"async\" src=\"https:\/\/abs.twimg.com\/emoji\/v2\/72x72\/1f621.png\" alt=\"?\"\/><\/figure>\n\n\n\n<figure class=\"wp-block-image\"><img decoding=\"async\" src=\"https:\/\/abs.twimg.com\/emoji\/v2\/72x72\/1f621.png\" alt=\"?\"\/><\/figure>\n\n\n\n<p>La polic\u00eda custodiando la cola del pollo en <a href=\"https:\/\/twitter.com\/hashtag\/Cuba?src=hash\">#Cuba<\/a> con armas largas. Parece que <a href=\"https:\/\/twitter.com\/DiazCanelB\">@DiazCanelB<\/a> le tiene mucho miedo a una poblaci\u00f3n hambrienta y alo que se le puede venir y est\u00e1 tomando las precauciones pertinentes. Mira <a href=\"https:\/\/twitter.com\/mbachelet\">@mbachelet<\/a> tu adorado sistema, mira, mira, miraaaaaaaaaaa<a href=\"https:\/\/twitter.com\/intent\/like?tweet_id=1132006319496544256\">759<\/a><a href=\"https:\/\/twitter.com\/cristiancrespoj\/status\/1132006319496544256\">16:31 &#8211; 24 de mai de 2019<\/a><a href=\"https:\/\/twitter.com\/cristiancrespoj\/status\/1132006319496544256\">1.712 pessoas est\u00e3o falando sobre isso<\/a><a href=\"https:\/\/support.twitter.com\/articles\/20175256\">Informa\u00e7\u00f5es e privacidade no Twitter Ads<\/a><\/p>\n\n\n\n<p>Final de Twitter post de @cristiancrespoj<a href=\"https:\/\/www.bbc.com\/portuguese\/internacional-48457320#jump-linkhttps:\/\/twitter.com\/font_miranda\/status\/1132277865049939971\">Pule Twitter post de @font_miranda<\/a><a href=\"https:\/\/twitter.com\/font_miranda\/status\/1132277865049939971\/photo\/1\"><\/a><\/p>\n\n\n\n<figure class=\"wp-block-image\"><a href=\"https:\/\/twitter.com\/font_miranda\/status\/1132277865049939971\/photo\/1\"><img decoding=\"async\" src=\"https:\/\/pbs.twimg.com\/media\/D7aopRtXoAA7AhP?format=jpg&amp;name=360x360\" alt=\"Ver imagem no Twitter\"\/><\/a><\/figure>\n\n\n\n<figure class=\"wp-block-image\"><a href=\"https:\/\/twitter.com\/font_miranda\/status\/1132277865049939971\/photo\/1\"><img decoding=\"async\" src=\"https:\/\/pbs.twimg.com\/media\/D7aopRvXkAUoV_P?format=jpg&amp;name=360x360\" alt=\"Ver imagem no Twitter\"\/><\/a><\/figure>\n\n\n\n<figure class=\"wp-block-image\"><a href=\"https:\/\/twitter.com\/font_miranda\"><img decoding=\"async\" src=\"https:\/\/pbs.twimg.com\/profile_images\/1118186691171422211\/-bqDG06g_normal.jpg\" alt=\"\"\/><\/a><\/figure>\n\n\n\n<p><a href=\"https:\/\/twitter.com\/font_miranda\"><strong>Miranda font<\/strong>@font_miranda<\/a><a href=\"https:\/\/twitter.com\/font_miranda\/status\/1132277865049939971\"><\/a><\/p>\n\n\n\n<p><a href=\"https:\/\/twitter.com\/hashtag\/Cuba?src=hash\">#Cuba<\/a> Lo \u00faltimo! Armas largas en la cola del pollo! el v\u00eddeo muestra la UC  &#8220;La D\u00e9cada&#8221; perteneciente a TRD Villa  Clara, la que utiliza como puerta de entrada la salida lateral, ya que la puerta principal est\u00e1 rota, por lo TRASVAL tuvo que recoger donde estaba la cola.<a href=\"https:\/\/twitter.com\/intent\/like?tweet_id=1132277865049939971\">3<\/a><a href=\"https:\/\/twitter.com\/font_miranda\/status\/1132277865049939971\">10:30 &#8211; 25 de mai de 2019<\/a><a href=\"https:\/\/twitter.com\/font_miranda\">Veja outros Tweets de Miranda font<\/a><a href=\"https:\/\/support.twitter.com\/articles\/20175256\">Informa\u00e7\u00f5es e privacidade no Twitter Ads<\/a><\/p>\n\n\n\n<p>Final de Twitter post de @font_miranda<\/p>\n\n\n\n<p>Mas, apesar de as imagens do desabastecimento na capital terem mais visibilidade, a situa\u00e7\u00e3o em algumas prov\u00edncias do interior da ilha parece estar pior, segundo v\u00e1rios cubanos relataram \u00e0 BBC News Mundo.<\/p>\n\n\n\n<p>&#8220;Outro dia eu estava na fila porque conseguiram cabe\u00e7a, pata e l\u00edngua de porco, e dois homens come\u00e7aram a se agredir. A pol\u00edcia teve que intervir. \u00c9 incr\u00edvel que depois de 60 anos da revolu\u00e7\u00e3o, as pessoas quase se matem para comprar uma l\u00edngua de porco&#8221;, diz Pinar del Rio Teresa Garc\u00eda, de 86 anos.<\/p>\n\n\n\n<h2 class=\"wp-block-heading\">Por que isso est\u00e1 acontecendo?<\/h2>\n\n\n\n<p>&#8220;O impacto do bloqueio econ\u00f4mico, comercial e financeiro imposto pelos EUA a Cuba por mais de 60 anos sempre foi um dos maiores obst\u00e1culos ao desenvolvimento econ\u00f4mico e social do pa\u00eds&#8221;, afirmou a vice-ministra de Com\u00e9rcio Exterior, Ileana N\u00fa\u00f1ez, em entrevista coletiva durante a feira Expocaribe, realizada em Havana.<\/p>\n\n\n\n<p>&#8220;Sem d\u00favida, h\u00e1 um recrudescimento palp\u00e1vel&#8221;, acrescentou N\u00fa\u00f1ez em resposta ao jornalista Will Grant, correspondente da BBC em Cuba.<\/p>\n\n\n\n<p>O presidente da C\u00e2mara de Com\u00e9rcio de Cuba, Orlando Hern\u00e1ndez, lembrou, por sua vez, no mesmo evento que o governo da ilha estima em US$ 4 bilh\u00f5es o preju\u00edzo que o embargo causa \u00e0 economia do pa\u00eds.<\/p>\n\n\n\n<figure class=\"wp-block-image\"><img decoding=\"async\" src=\"https:\/\/ichef.bbci.co.uk\/news\/624\/cpsprodpb\/486C\/production\/_107104581_1-centro-habana-1024x683.jpg\" alt=\"Cuba\"\/><figcaption>Image captionMercearia com as prateleiras vazias no centro de Havana<\/figcaption><\/figure>\n\n\n\n<p>&#8220;Mas muitos dos impactos que Cuba sofre n\u00e3o s\u00e3o medidos em n\u00fameros: quantas pessoas deixaram de investir no pa\u00eds? Quantos turistas teriam vindo e n\u00e3o vieram por causa da natureza intimidadora das medidas dos EUA?&#8221;<\/p>\n\n\n\n<p>A ministra de Com\u00e9rcio Interior da ilha, Betsy D\u00edaz Vel\u00e1zquez, reconheceu durante um programa oficial de televis\u00e3o que, al\u00e9m das san\u00e7\u00f5es dos EUA, o racionamento se devia aos problemas financeiros do governo (que \u00e9 o \u00fanico que pode importar alimentos).<\/p>\n\n\n\n<p>&#8220;Por causa das restri\u00e7\u00f5es financeiras internas, do bloqueio e das medidas dos EUA contra a nossa economia, come\u00e7amos a ter problemas com fornecedores e institui\u00e7\u00f5es financeiras que n\u00e3o queriam negociar conosco&#8221;, sinalizou.<\/p>\n\n\n\n<p>A ilha, que tem uma popula\u00e7\u00e3o de mais de 11 milh\u00f5es de habitantes, importa entre 60% e 70% dos alimentos que consome, segundo dados oficiais.<\/p>\n\n\n\n<p>Ricardo Torres, pesquisador do Centro de Estudos da Economia Cubana, explica \u00e0 BBC News Mundo que um fator decisivo nesse sentido foi a crescente perda de capacidade de importa\u00e7\u00e3o.<\/p>\n\n\n\n<p>&#8220;Cuba viveu durante tr\u00eas anos uma situa\u00e7\u00e3o em que as receitas de exporta\u00e7\u00e3o ca\u00edram. Isso, de uma maneira geral, afeta a disponibilidade de divisas do pa\u00eds e, portanto, implica em maiores restri\u00e7\u00f5es quando se trata de importa\u00e7\u00f5es&#8221;, diz ele.<\/p>\n\n\n\n<figure class=\"wp-block-image\"><img decoding=\"async\" src=\"https:\/\/ichef.bbci.co.uk\/news\/624\/cpsprodpb\/10E41\/production\/_107158196_carlos-iii.jpg\" alt=\"Fila de supermercado em Havana\"\/><figcaption>Image captionSegundo o jornal cubano independente &#8216;El Estornudo&#8217;, a pol\u00edcia prendeu quem tirou fotos das filas nos supermercados, como aconteceu com o autor desta imagem<\/figcaption><\/figure>\n\n\n\n<p>Em 2014, quando o governo cubano anunciou pela \u00faltima vez o valor da sua d\u00edvida, o montante chegava a US$ 18,9 bilh\u00f5es, embora alguns economistas acreditem tenha sido reestruturada em grande parte nos \u00faltimos anos.<\/p>\n\n\n\n<p>No entanto, tudo indica que a falta de pagamento tamb\u00e9m levou alguns fornecedores a fecharem suas portas.<\/p>\n\n\n\n<p>&#8220;\u00c0 medida que Cuba n\u00e3o pode pagar seus fornecedores, em determinado momento, os fornecedores param de enviar os itens porque n\u00e3o podem mais acumular d\u00edvidas&#8221;, diz Torres.<\/p>\n\n\n\n<p>Outro fator, em sua opini\u00e3o, diz respeito \u00e0s rela\u00e7\u00f5es com o Brasil, onde Cuba fazia parte do Programa Mais M\u00e9dicos at\u00e9 o fim de 2018, quando&nbsp;<a href=\"https:\/\/www.bbc.com\/portuguese\/internacional-46210587\">Havana cancelou a participa\u00e7\u00e3o no programa<\/a>, ap\u00f3s a elei\u00e7\u00e3o do presidente Jair Bosonaro.<\/p>\n\n\n\n<figure class=\"wp-block-image\"><img decoding=\"async\" src=\"https:\/\/ichef.bbci.co.uk\/news\/624\/cpsprodpb\/2DDC\/production\/_107104711_60618945_886725301668566_8532647317478572032_n.jpg\" alt=\"Cuba\"\/><figcaption>Image captionMuitos cubanos fazem piada com a crise: &#8216;Vejo em seu futuro viagens, dinheiro&#8230; Mas e o frango? Quando vou conseguir um frango?<\/figcaption><\/figure>\n\n\n\n<p>&#8220;No caso do Brasil, que era um importante fornecedor de alimentos, por alguns problemas nos pagamentos de Cuba, esse cr\u00e9dito n\u00e3o foi ampliado e agora as compras precisam ser em esp\u00e9cie&#8221;, diz ele.<\/p>\n\n\n\n<p>Alguns economistas tamb\u00e9m sinalizam que a crise na Venezuela, principal parceiro comercial e aliado pol\u00edtico da ilha desde a gest\u00e3o de Hugo Ch\u00e1vez, tamb\u00e9m \u00e9 respons\u00e1vel pelo cen\u00e1rio de desola\u00e7\u00e3o nas lojas de Havana.<\/p>\n\n\n\n<h2 class=\"wp-block-heading\">Qual o impacto das san\u00e7\u00f5es dos EUA?<\/h2>\n\n\n\n<p>Depois de uma breve aproxima\u00e7\u00e3o que levou \u00e0 reabertura de embaixadas nos dois pa\u00edses, houve um rev\u00e9s nas rela\u00e7\u00f5es entre Cuba e Estados Unidos com a chegada ao poder do presidente Trump.<\/p>\n\n\n\n<p>A Casa Branca, que mant\u00e9m um embargo \u00e0 ilha desde a d\u00e9cada de 1960, anunciou nos \u00faltimos meses novas san\u00e7\u00f5es que incluem restri\u00e7\u00f5es de viagem para cidad\u00e3os americanos e a ativa\u00e7\u00e3o da terceira parte da Lei Helms-Burton (que permite a quem perdeu suas propriedades ap\u00f3s a revolu\u00e7\u00e3o processar o governo).<\/p>\n\n\n\n<p>Havana considera essas san\u00e7\u00f5es e o embargo como os principais motivos para a atual crise de desabastecimento.<\/p>\n\n\n\n<figure class=\"wp-block-image\"><img decoding=\"async\" src=\"https:\/\/ichef.bbci.co.uk\/news\/624\/cpsprodpb\/968C\/production\/_107104583_12-vinales-1024x683.jpg\" alt=\"Cuba\"\/><figcaption>Image captionA escassez \u00e9 maior em algumas prov\u00edncias do interior do pa\u00eds, dizem alguns cubanos<\/figcaption><\/figure>\n\n\n\n<p>&#8220;As san\u00e7\u00f5es e as medidas de Trump n\u00e3o t\u00eam uma influ\u00eancia direta sobre essa escassez. Mas \u00e9 certo que isso deixa os bancos estrangeiros mais relutantes em querer negociar com Cuba, e buscar outros bancos encarece o processo de com\u00e9rcio em geral e as importa\u00e7\u00f5es&#8221;, avalia Torres.<\/p>\n\n\n\n<p>&#8220;Mas o desabastecimento come\u00e7ou antes mesmo de Trump anunciar essas medidas&#8221;, acrescenta.<\/p>\n\n\n\n<p>Por uma cl\u00e1usula especial do Congresso dos EUA, Cuba pode comprar alimentos do pa\u00eds, algo que n\u00e3o foi alterado por Trump.<\/p>\n\n\n\n<p>De acordo com dados da organiza\u00e7\u00e3o independente de agricultores American Farm Bureau Federation, dos US$ 2 bilh\u00f5es que a ilha gasta em produtos agr\u00edcolas por ano, cerca de US$ 150 milh\u00f5es s\u00e3o destinados a compras no pa\u00eds vizinho.<\/p>\n\n\n\n<h2 class=\"wp-block-heading\">O &#8216;per\u00edodo especial&#8217; pode voltar?<\/h2>\n\n\n\n<p>Os cubanos consultados pela BBC News Mundo dizem que a maior preocupa\u00e7\u00e3o da popula\u00e7\u00e3o \u00e9 que o desabastecimento se torne cr\u00f4nico, e a ilha retorne ao chamado &#8220;Per\u00edodo Especial&#8221;, que segundo eles, significa passar fome como em tempos de guerra.<\/p>\n\n\n\n<p>Cuba entrou em crise nos anos 1990, quando a queda da Uni\u00e3o Sovi\u00e9tica deixou a ilha sozinha no cen\u00e1rio internacional, perdendo toda a ajuda que recebia do bloco.<\/p>\n\n\n\n<p>A partir de ent\u00e3o, alimento, transporte, vestu\u00e1rio e eletricidade se tornaram artigos de luxo, at\u00e9 que Havana encontrou em Caracas um novo aliado.<\/p>\n\n\n\n<figure class=\"wp-block-image\"><img decoding=\"async\" src=\"https:\/\/ichef.bbci.co.uk\/news\/624\/cpsprodpb\/15DFE\/production\/_107089598_cuba1.png\" alt=\"cuba\"\/><figcaption>Image captionMeme que circulou nas redes sociais reflete o medo dos cubanos de que haja um novo &#8216;per\u00edodo especial&#8217;<\/figcaption><\/figure>\n\n\n\n<p>O governo cubano nega que a ilha esteja \u00e0 beira de um novo &#8220;per\u00edodo especial&#8221; e garante que o desabastecimento ser\u00e1 tempor\u00e1rio.<\/p>\n\n\n\n<p>&#8220;N\u00e3o \u00e9 uma quest\u00e3o de voltar \u00e0 fase aguda do Per\u00edodo Especial&#8230; Mas temos que estar preparados para a pior variante, precisamos estar alertas e conscientes de que estamos enfrentando problemas adicionais e que a situa\u00e7\u00e3o poderia piorar no futuro, em alguns meses&#8221;, anunciou em abril o ex-presidente Ra\u00fal Castro.<\/p>\n\n\n\n<p>Muitos economistas concordam que a atual crise de desabastecimento n\u00e3o tem solu\u00e7\u00e3o no curto prazo.<\/p>\n\n\n\n<p>Enquanto isso, muitos cubanos se perguntam qual produto estar\u00e1 em falta amanh\u00e3 ou at\u00e9 onde ser\u00e1 que as filas v\u00e3o chegar.<\/p>\n\n\n\n<p>&#8220;Voc\u00ea v\u00ea as pessoas na frente das lojas, esperando os estabelecimentos abrirem. Ontem a fila dava a volta no quarteir\u00e3o. As coisas mais b\u00e1sicas voltaram a ser um luxo. Basta imaginar que as pessoas ficam felizes quando conseguem comprar um peda\u00e7o de frango&#8221;, diz Blanco Rodr\u00edguez.<\/p>\n\n\n\n<p>BBC<br><\/p>\n\n\n\n<p><br><\/p>\n","protected":false},"excerpt":{"rendered":"<p>Maydelis Blanco Rodr\u00edguez, uma cubana de 32 anos, diz que toda manh\u00e3, quando acorda, s\u00f3 pensa em uma coisa: &#8220;O que vou dar de comer ao meu filho hoje?&#8221; &#8220;\u00c9 uma situa\u00e7\u00e3o muito desesperadora, voc\u00ea se sente muito impotente porque nem com dinheiro consegue as mercadorias&#8221;, diz ela \u00e0 BBC News Mundo, servi\u00e7o em espanhol [&hellip;]<\/p>\n","protected":false},"author":2,"featured_media":12274,"comment_status":"open","ping_status":"open","sticky":false,"template":"","format":"standard","meta":{"advanced_seo_description":"","jetpack_seo_html_title":"","jetpack_seo_noindex":false,"_jetpack_memberships_contains_paid_content":false,"footnotes":""},"categories":[40],"tags":[],"class_list":{"0":"post-12273","1":"post","2":"type-post","3":"status-publish","4":"format-standard","5":"has-post-thumbnail","7":"category-destaques"},"jetpack_featured_media_url":"https:\/\/www.paranapraia.com.br\/wp-content\/uploads\/2019\/06\/lingua.jpg","jetpack_sharing_enabled":true,"_links":{"self":[{"href":"https:\/\/www.paranapraia.com.br\/index.php\/wp-json\/wp\/v2\/posts\/12273"}],"collection":[{"href":"https:\/\/www.paranapraia.com.br\/index.php\/wp-json\/wp\/v2\/posts"}],"about":[{"href":"https:\/\/www.paranapraia.com.br\/index.php\/wp-json\/wp\/v2\/types\/post"}],"author":[{"embeddable":true,"href":"https:\/\/www.paranapraia.com.br\/index.php\/wp-json\/wp\/v2\/users\/2"}],"replies":[{"embeddable":true,"href":"https:\/\/www.paranapraia.com.br\/index.php\/wp-json\/wp\/v2\/comments?post=12273"}],"version-history":[{"count":1,"href":"https:\/\/www.paranapraia.com.br\/index.php\/wp-json\/wp\/v2\/posts\/12273\/revisions"}],"predecessor-version":[{"id":12275,"href":"https:\/\/www.paranapraia.com.br\/index.php\/wp-json\/wp\/v2\/posts\/12273\/revisions\/12275"}],"wp:featuredmedia":[{"embeddable":true,"href":"https:\/\/www.paranapraia.com.br\/index.php\/wp-json\/wp\/v2\/media\/12274"}],"wp:attachment":[{"href":"https:\/\/www.paranapraia.com.br\/index.php\/wp-json\/wp\/v2\/media?parent=12273"}],"wp:term":[{"taxonomy":"category","embeddable":true,"href":"https:\/\/www.paranapraia.com.br\/index.php\/wp-json\/wp\/v2\/categories?post=12273"},{"taxonomy":"post_tag","embeddable":true,"href":"https:\/\/www.paranapraia.com.br\/index.php\/wp-json\/wp\/v2\/tags?post=12273"}],"curies":[{"name":"wp","href":"https:\/\/api.w.org\/{rel}","templated":true}]}}