{"id":12212,"date":"2019-05-31T18:21:30","date_gmt":"2019-05-31T21:21:30","guid":{"rendered":"https:\/\/www.paranapraia.com.br\/?p=12212"},"modified":"2019-05-31T18:21:32","modified_gmt":"2019-05-31T21:21:32","slug":"quadrilha-especializada-em-furto-de-cabecas-de-gado-e-condenada-pela-justica-no-parana","status":"publish","type":"post","link":"https:\/\/www.paranapraia.com.br\/index.php\/2019\/05\/31\/quadrilha-especializada-em-furto-de-cabecas-de-gado-e-condenada-pela-justica-no-parana\/","title":{"rendered":"Quadrilha especializada em furto de cabe\u00e7as de gado \u00e9 condenada pela Justi\u00e7a no Paran\u00e1"},"content":{"rendered":"\n<h4 class=\"wp-block-heading\">Grupo atuava em diversos munic\u00edpios, tendo causado preju\u00edzo a produtores rurais<\/h4>\n\n\n\n<p>A 3\u00aa Vara Criminal de Guarapuava, no Centro-Sul paranaense, condenou sete pessoas denunciadas pela Promotoria de Justi\u00e7a de Cantagalo por participarem de organiza\u00e7\u00e3o criminosa para furto de animais. O grupo atuava em diversos munic\u00edpios, tendo causado preju\u00edzo a produtores rurais com o furto de cabe\u00e7as de gado.<\/p>\n\n\n\n<p>As investiga\u00e7\u00f5es, realizadas no \u00e2mbito da \u201cOpera\u00e7\u00e3o Aristeu\u201d, foram coordenadas pela Promotoria de Justi\u00e7a de Cantagalo e contaram com o apoio operacional do servi\u00e7o reservado do 16\u00ba Batalh\u00e3o da Pol\u00edcia Militar de Guarapuava.<\/p>\n\n\n\n<p>Pelos crimes imputados (organiza\u00e7\u00e3o criminosa, furto e corrup\u00e7\u00e3o de menor \u2013 uma vez que um oitavo participante do grupo tinha menos de 18 anos), os r\u00e9us receberam penas que variam de quatro anos e quatro meses a nove anos e dois meses de reclus\u00e3o. Dois deles dever\u00e3o cumprir as penas em regime fechado, enquanto os demais iniciar\u00e3o o cumprimento no regime semiaberto.<\/p>\n\n\n\n<p>BandaB<br><\/p>\n","protected":false},"excerpt":{"rendered":"<p>Grupo atuava em diversos munic\u00edpios, tendo causado preju\u00edzo a produtores rurais A 3\u00aa Vara Criminal de Guarapuava, no Centro-Sul paranaense, condenou sete pessoas denunciadas pela Promotoria de Justi\u00e7a de Cantagalo por participarem de organiza\u00e7\u00e3o criminosa para furto de animais. O grupo atuava em diversos munic\u00edpios, tendo causado preju\u00edzo a produtores rurais com o furto de [&hellip;]<\/p>\n","protected":false},"author":2,"featured_media":12213,"comment_status":"open","ping_status":"open","sticky":false,"template":"","format":"standard","meta":{"advanced_seo_description":"","jetpack_seo_html_title":"","jetpack_seo_noindex":false,"_jetpack_memberships_contains_paid_content":false,"footnotes":""},"categories":[43],"tags":[],"class_list":{"0":"post-12212","1":"post","2":"type-post","3":"status-publish","4":"format-standard","5":"has-post-thumbnail","7":"category-cotidiano"},"jetpack_featured_media_url":"https:\/\/www.paranapraia.com.br\/wp-content\/uploads\/2019\/05\/bii.jpeg","jetpack_sharing_enabled":true,"_links":{"self":[{"href":"https:\/\/www.paranapraia.com.br\/index.php\/wp-json\/wp\/v2\/posts\/12212"}],"collection":[{"href":"https:\/\/www.paranapraia.com.br\/index.php\/wp-json\/wp\/v2\/posts"}],"about":[{"href":"https:\/\/www.paranapraia.com.br\/index.php\/wp-json\/wp\/v2\/types\/post"}],"author":[{"embeddable":true,"href":"https:\/\/www.paranapraia.com.br\/index.php\/wp-json\/wp\/v2\/users\/2"}],"replies":[{"embeddable":true,"href":"https:\/\/www.paranapraia.com.br\/index.php\/wp-json\/wp\/v2\/comments?post=12212"}],"version-history":[{"count":1,"href":"https:\/\/www.paranapraia.com.br\/index.php\/wp-json\/wp\/v2\/posts\/12212\/revisions"}],"predecessor-version":[{"id":12214,"href":"https:\/\/www.paranapraia.com.br\/index.php\/wp-json\/wp\/v2\/posts\/12212\/revisions\/12214"}],"wp:featuredmedia":[{"embeddable":true,"href":"https:\/\/www.paranapraia.com.br\/index.php\/wp-json\/wp\/v2\/media\/12213"}],"wp:attachment":[{"href":"https:\/\/www.paranapraia.com.br\/index.php\/wp-json\/wp\/v2\/media?parent=12212"}],"wp:term":[{"taxonomy":"category","embeddable":true,"href":"https:\/\/www.paranapraia.com.br\/index.php\/wp-json\/wp\/v2\/categories?post=12212"},{"taxonomy":"post_tag","embeddable":true,"href":"https:\/\/www.paranapraia.com.br\/index.php\/wp-json\/wp\/v2\/tags?post=12212"}],"curies":[{"name":"wp","href":"https:\/\/api.w.org\/{rel}","templated":true}]}}