{"id":12204,"date":"2019-05-31T18:17:21","date_gmt":"2019-05-31T21:17:21","guid":{"rendered":"https:\/\/www.paranapraia.com.br\/?p=12204"},"modified":"2019-05-31T18:17:24","modified_gmt":"2019-05-31T21:17:24","slug":"recem-nascido-morto-e-encontrado-dentro-de-guarda-roupa","status":"publish","type":"post","link":"https:\/\/www.paranapraia.com.br\/index.php\/2019\/05\/31\/recem-nascido-morto-e-encontrado-dentro-de-guarda-roupa\/","title":{"rendered":"Rec\u00e9m-nascido morto \u00e9 encontrado dentro de guarda roupa"},"content":{"rendered":"\n<p>A Pol\u00edcia Civil de Colombo investiga a morte de um beb\u00ea, nesta sexta-feira (31). O rec\u00e9m-nascido foi encontrado sem vida dentro de um guarda roupa em uma casa no bairro S\u00e3o Dimas.<\/p>\n\n\n\n<p>A m\u00e3e do beb\u00ea, uma jovem de 21 anos, recebeu atendimento m\u00e9dico durante a mamh\u00e3. Ela pediu ajuda aos pais &#8211; que n\u00e3o sabiam da gravidez &#8211; afirmando que teve um forte sangramento. A jovem foi levada a Unidade de Pronto Atendimento do Alto Maracan\u00e3, onde, depois de ser pressionada pela equipe m\u00e9dica, informou sobre a situa\u00e7\u00e3o.<\/p>\n\n\n\n<figure class=\"wp-block-image\"><img decoding=\"async\" src=\"https:\/\/cdn.massanews.com\/uploads\/noticias\/conteudo\/whatsapp-image-2019-05-31-at-16-42-54-c31e669a.jpeg\" alt=\"(Foto: Lucian Pichetti \/ Rede Massa)\"\/><\/figure>\n\n\n\n<p>(Foto: Lucian Pichetti \/ Rede Massa)<\/p>\n\n\n\n<p>Os m\u00e9dicos foram at\u00e9 a casa da jovem e encontraram o menino morto escondido dentro de um guarda roupas. A equipe m\u00e9dica ainda encontrou no ch\u00e3o do quarto uma placenta correspondente a 38 semanas.<\/p>\n\n\n\n<p>O corpo do beb\u00ea estava formado e, aparentemente, n\u00e3o tinha nenhum ferimento. A an\u00e1lise do Instituto M\u00e9dico Legal vai verificar se o garoto j\u00e1 nasceu sem vida ou foi morto depois que nasceu.<\/p>\n\n\n\n<p>Colabora\u00e7\u00e3o Lucian Pichetti \/ Rede Massa<a href=\"https:\/\/api.whatsapp.com\/send?text=Rec%C3%A9m-nascido%20morto%20%C3%A9%20encontrado%20dentro%20de%20guarda%20roupa%20https%3a%2f%2fmassanews.com%2fnoticias%2fplantao%2frecem-nascido-morto-e-encontrado-dentro-de-guarda-roupa-2qQbe.html%3futm_source%3dwhatsapp%26utm_medium%3dshare%26utm_content%3dnoticias__plantao%26utm_campaign%3drecem-nascido-morto-e-encontrado-dentro-de-guarda-roupa-2qQbe\" target=\"_blank\" rel=\"noreferrer noopener\"><br>\n\n<\/a><\/p>\n","protected":false},"excerpt":{"rendered":"<p>A Pol\u00edcia Civil de Colombo investiga a morte de um beb\u00ea, nesta sexta-feira (31). O rec\u00e9m-nascido foi encontrado sem vida dentro de um guarda roupa em uma casa no bairro S\u00e3o Dimas. A m\u00e3e do beb\u00ea, uma jovem de 21 anos, recebeu atendimento m\u00e9dico durante a mamh\u00e3. Ela pediu ajuda aos pais &#8211; que n\u00e3o [&hellip;]<\/p>\n","protected":false},"author":2,"featured_media":12205,"comment_status":"open","ping_status":"open","sticky":false,"template":"","format":"standard","meta":{"advanced_seo_description":"","jetpack_seo_html_title":"","jetpack_seo_noindex":false,"_jetpack_memberships_contains_paid_content":false,"footnotes":""},"categories":[33],"tags":[],"class_list":{"0":"post-12204","1":"post","2":"type-post","3":"status-publish","4":"format-standard","5":"has-post-thumbnail","7":"category-policia"},"jetpack_featured_media_url":"https:\/\/www.paranapraia.com.br\/wp-content\/uploads\/2019\/05\/rec.jpeg","jetpack_sharing_enabled":true,"_links":{"self":[{"href":"https:\/\/www.paranapraia.com.br\/index.php\/wp-json\/wp\/v2\/posts\/12204"}],"collection":[{"href":"https:\/\/www.paranapraia.com.br\/index.php\/wp-json\/wp\/v2\/posts"}],"about":[{"href":"https:\/\/www.paranapraia.com.br\/index.php\/wp-json\/wp\/v2\/types\/post"}],"author":[{"embeddable":true,"href":"https:\/\/www.paranapraia.com.br\/index.php\/wp-json\/wp\/v2\/users\/2"}],"replies":[{"embeddable":true,"href":"https:\/\/www.paranapraia.com.br\/index.php\/wp-json\/wp\/v2\/comments?post=12204"}],"version-history":[{"count":1,"href":"https:\/\/www.paranapraia.com.br\/index.php\/wp-json\/wp\/v2\/posts\/12204\/revisions"}],"predecessor-version":[{"id":12206,"href":"https:\/\/www.paranapraia.com.br\/index.php\/wp-json\/wp\/v2\/posts\/12204\/revisions\/12206"}],"wp:featuredmedia":[{"embeddable":true,"href":"https:\/\/www.paranapraia.com.br\/index.php\/wp-json\/wp\/v2\/media\/12205"}],"wp:attachment":[{"href":"https:\/\/www.paranapraia.com.br\/index.php\/wp-json\/wp\/v2\/media?parent=12204"}],"wp:term":[{"taxonomy":"category","embeddable":true,"href":"https:\/\/www.paranapraia.com.br\/index.php\/wp-json\/wp\/v2\/categories?post=12204"},{"taxonomy":"post_tag","embeddable":true,"href":"https:\/\/www.paranapraia.com.br\/index.php\/wp-json\/wp\/v2\/tags?post=12204"}],"curies":[{"name":"wp","href":"https:\/\/api.w.org\/{rel}","templated":true}]}}