{"id":12194,"date":"2019-05-31T18:11:47","date_gmt":"2019-05-31T21:11:47","guid":{"rendered":"https:\/\/www.paranapraia.com.br\/?p=12194"},"modified":"2019-05-31T18:11:48","modified_gmt":"2019-05-31T21:11:48","slug":"eduardo-cunha-e-transferido-para-o-rio-de-janeiro-depois-de-mais-de-2-anos-e-meio-preso-no-parana-2","status":"publish","type":"post","link":"https:\/\/www.paranapraia.com.br\/index.php\/2019\/05\/31\/eduardo-cunha-e-transferido-para-o-rio-de-janeiro-depois-de-mais-de-2-anos-e-meio-preso-no-parana-2\/","title":{"rendered":"Eduardo Cunha \u00e9 transferido para o Rio de Janeiro depois de mais de 2 anos e meio preso no Paran\u00e1"},"content":{"rendered":"\n<h4 class=\"wp-block-heading\">Ex-presidente da C\u00e2mara dos Deputados deixou o Complexo M\u00e9dico-Penal, na Regi\u00e3o Metropolitana de Curitiba, na manh\u00e3 desta sexta-feira (31). Cunha estava preso no estado desde outubro de 2016.<\/h4>\n\n\n\n<p>O ex-deputado e ex-presidente da C\u00e2mara Eduardo Cunha deixou o Complexo M\u00e9dico Penal (CMP), em Pinhais, na Regi\u00e3o Metropolitana de Curitiba, nesta sexta-feira (31), para ser transferido para o Rio de Janeiro, onde continuar\u00e1 cumprindo a pena de 14 anos e seis meses de pris\u00e3o \u00e0 qual foi condenado na Opera\u00e7\u00e3o Lava Jato.<\/p>\n\n\n\n<p>Ele deixou o pres\u00eddio paranaense \u00e0s 8h desta sexta-feira. De acordo com a Pol\u00edcia Federal (PF), Cunha ficar\u00e1 detido no Pres\u00eddio Pedrolino Werling de Oliveira, conhecido como Bangu 8.<\/p>\n\n\n\n<p>Cunha estava preso no Paran\u00e1 h\u00e1 dois anos e sete meses,\u00a0desde outubro de 2016. Em mar\u00e7o de 2017, ele foi\u00a0condenado na 1\u00aa inst\u00e2ncia a 15 anos e quatro meses de reclus\u00e3o\u00a0pelos crimes de corrup\u00e7\u00e3o passiva, lavagem de dinheiro e evas\u00e3o de divisas.<\/p>\n\n\n\n<p>O processo apurou o recebimento de propina pelo ex-deputado, por um contrato de explora\u00e7\u00e3o de Petr\u00f3leo em Benin, na \u00c1frica, e o uso contas no exterior para lavar o dinheiro. O Tribunal Regional Federal da 4\u00aa Regi\u00e3o\u00a0(TRF4) diminuiu a pena de Cunha para 14 anos e 6 meses, em novembro de 2017.<\/p>\n\n\n\n<p>Em abril deste ano, a Segunda Turma do Supremo Tribunal Federal\u00a0(STF) negou, por unanimidade, anular a pena de lavagem de dinheiro imposta ao ex-presidente da C\u00e2mara dos Deputados.<\/p>\n\n\n\n<p>Os advogados argumentavam que, em raz\u00e3o do mesmo ato, Cunha foi condenado por corrup\u00e7\u00e3o passiva e lavagem. Mas, na avalia\u00e7\u00e3o de todos os ministros da turma, as inst\u00e2ncias inferiores consideraram que h\u00e1 provas do cometimento dos dois crimes.<\/p>\n\n\n\n<p><strong>Veja os processos de Eduardo Cunha na Lava Jato:<\/strong><\/p>\n\n\n\n<ul class=\"wp-block-list\"><li>Condenado a 14 anos e 6 meses pelos crimes de corrup\u00e7\u00e3o passiva, lavagem de dinheiro e evas\u00e3o de divisas em contrato da Petrobras para a explora\u00e7\u00e3o de petr\u00f3leo no Benin, na \u00c1frica.<\/li><li>R\u00e9u por corrup\u00e7\u00e3o passiva e lavagem de dinheiro, acusado de exigir e receber US$ 5 milh\u00f5es em propina em contratos de constru\u00e7\u00e3o de navios-sonda da Petrobras.<\/li><\/ul>\n\n\n\n<figure class=\"wp-block-image\"><img decoding=\"async\" src=\"https:\/\/s2.glbimg.com\/oUgbCF1wSmJDZatfojAHb2lB_KU=\/0x0:1105x667\/984x0\/smart\/filters:strip_icc()\/i.s3.glbimg.com\/v1\/AUTH_59edd422c0c84a879bd37670ae4f538a\/internal_photos\/bs\/2019\/3\/L\/tHTVDYQ9AAghAUz94ibQ\/cunha-transferido.jpg\" alt=\"Eduardo Cunha deixa Complexo M\u00e9dico-Penal, em Pinhais, na Regi\u00e3o Metropolitana de Curitiba \u2014 Foto: Reprodu\u00e7\u00e3o\/RPC\"\/><\/figure>\n\n\n\n<p>Eduardo Cunha deixa Complexo M\u00e9dico-Penal, em Pinhais, na Regi\u00e3o Metropolitana de Curitiba \u2014 Foto: Reprodu\u00e7\u00e3o\/RPC<\/p>\n\n\n\n<h2 class=\"wp-block-heading\">A transfer\u00eancia<\/h2>\n\n\n\n<p>No in\u00edcio de abril, ap\u00f3s um pedido da defesa de Eduardo Cunha, a ju\u00edza Luciani Maronezi, da 2\u00aa Vara de Execu\u00e7\u00f5es Penais de Curitiba, pediu que as autoridades do Rio de Janeiro fossem consultadas para saber se havia vagas dispon\u00edveis para receber Cunha.<\/p>\n\n\n\n<p>No dia 23 de maio,\u00a0a Justi\u00e7a do Rio de Janeiro aceitou o pedido\u00a0e, na \u00faltima quarta-feira (29), a\u00a0Justi\u00e7a Estadual do Paran\u00e1 autorizou a transfer\u00eancia.<\/p>\n\n\n\n<p>Ap\u00f3s a aceita\u00e7\u00e3o da transfer\u00eancia pela Justi\u00e7a do Rio de Janeiro,\u00a0o Minist\u00e9rio P\u00fablico do Paran\u00e1 (MP-PR) reiterou que \u00e9 contra a transfer\u00eancia de Cunha para um pres\u00eddio carioca. A justificativa foi a influ\u00eancia pol\u00edtica do ex-deputado que, segundo a Promotoria, acarretou na pr\u00e1tica dos crimes pelos quais o ex-deputado foi condenado.<\/p>\n\n\n\n<p>Em nota divulgada ap\u00f3s a autoriza\u00e7\u00e3o, a defesa de Cunha disse que &#8220;a decis\u00e3o \u00e9 justa e adequada aos preceitos legais e constitucionais&#8221;.<\/p>\n\n\n\n<figure class=\"wp-block-image\"><img decoding=\"async\" src=\"https:\/\/s2.glbimg.com\/4DWfk-XdVn8Yx9LojlGMnnxxb1o=\/0x0:690x417\/984x0\/smart\/filters:strip_icc()\/s.glbimg.com\/jo\/g1\/f\/original\/2016\/10\/21\/cunha-iml.jpg\" alt=\"Ex-deputado Eduardo Cunha quando foi preso, em 2016 \u2014 Foto: Giuliano Gomes\/PR Press\"\/><\/figure>\n\n\n\n<p>Ex-deputado Eduardo Cunha quando foi preso, em 2016 \u2014 Foto: Giuliano Gomes\/PR Press<\/p>\n\n\n\n<h2 class=\"wp-block-heading\">Outros processos<\/h2>\n\n\n\n<p>Na Opera\u00e7\u00e3o Lava Jato no Paran\u00e1, Cunha ainda responde a uma a\u00e7\u00e3o penal, que aguarda senten\u00e7a. O processo\u00a0apura a suspeita de o ex-deputado tenha recebido propina de US$ 5 milh\u00f5es\u00a0em contratos de constru\u00e7\u00e3o de navios-sonda da Petrobras. Ele nega as acusa\u00e7\u00f5es.<\/p>\n\n\n\n<p>Eduardo Cunha tem outra condena\u00e7\u00e3o, na 1\u00aa inst\u00e2ncia,\u00a0a 24 anos e dez meses de pris\u00e3o na Justi\u00e7a Federal de Bras\u00edlia, por envolvimento em desvios de recursos do Fundo de Investimentos do Fundo de Garantia do Tempo de Servi\u00e7o (FI-FGTS).<\/p>\n\n\n\n<p>\u00c0 \u00e9poca da condena\u00e7\u00e3o, a defesa de Eduardo Cunha informou que ia recorrer, acrescentando que a senten\u00e7a \u00e9 &#8220;fantasiosa&#8221; e baseada em dela\u00e7\u00f5es premiadas sem provas.<\/p>\n\n\n\n<p>G1PR<br><\/p>\n\n\n\n<p><br><\/p>\n\n\n\n<p><br><\/p>\n","protected":false},"excerpt":{"rendered":"<p>Ex-presidente da C\u00e2mara dos Deputados deixou o Complexo M\u00e9dico-Penal, na Regi\u00e3o Metropolitana de Curitiba, na manh\u00e3 desta sexta-feira (31). Cunha estava preso no estado desde outubro de 2016. O ex-deputado e ex-presidente da C\u00e2mara Eduardo Cunha deixou o Complexo M\u00e9dico Penal (CMP), em Pinhais, na Regi\u00e3o Metropolitana de Curitiba, nesta sexta-feira (31), para ser transferido [&hellip;]<\/p>\n","protected":false},"author":2,"featured_media":12197,"comment_status":"open","ping_status":"open","sticky":false,"template":"","format":"standard","meta":{"advanced_seo_description":"","jetpack_seo_html_title":"","jetpack_seo_noindex":false,"_jetpack_memberships_contains_paid_content":false,"footnotes":""},"categories":[33],"tags":[],"class_list":{"0":"post-12194","1":"post","2":"type-post","3":"status-publish","4":"format-standard","5":"has-post-thumbnail","7":"category-policia"},"jetpack_featured_media_url":"https:\/\/www.paranapraia.com.br\/wp-content\/uploads\/2019\/05\/cunha.jpg","jetpack_sharing_enabled":true,"_links":{"self":[{"href":"https:\/\/www.paranapraia.com.br\/index.php\/wp-json\/wp\/v2\/posts\/12194"}],"collection":[{"href":"https:\/\/www.paranapraia.com.br\/index.php\/wp-json\/wp\/v2\/posts"}],"about":[{"href":"https:\/\/www.paranapraia.com.br\/index.php\/wp-json\/wp\/v2\/types\/post"}],"author":[{"embeddable":true,"href":"https:\/\/www.paranapraia.com.br\/index.php\/wp-json\/wp\/v2\/users\/2"}],"replies":[{"embeddable":true,"href":"https:\/\/www.paranapraia.com.br\/index.php\/wp-json\/wp\/v2\/comments?post=12194"}],"version-history":[{"count":1,"href":"https:\/\/www.paranapraia.com.br\/index.php\/wp-json\/wp\/v2\/posts\/12194\/revisions"}],"predecessor-version":[{"id":12198,"href":"https:\/\/www.paranapraia.com.br\/index.php\/wp-json\/wp\/v2\/posts\/12194\/revisions\/12198"}],"wp:featuredmedia":[{"embeddable":true,"href":"https:\/\/www.paranapraia.com.br\/index.php\/wp-json\/wp\/v2\/media\/12197"}],"wp:attachment":[{"href":"https:\/\/www.paranapraia.com.br\/index.php\/wp-json\/wp\/v2\/media?parent=12194"}],"wp:term":[{"taxonomy":"category","embeddable":true,"href":"https:\/\/www.paranapraia.com.br\/index.php\/wp-json\/wp\/v2\/categories?post=12194"},{"taxonomy":"post_tag","embeddable":true,"href":"https:\/\/www.paranapraia.com.br\/index.php\/wp-json\/wp\/v2\/tags?post=12194"}],"curies":[{"name":"wp","href":"https:\/\/api.w.org\/{rel}","templated":true}]}}