{"id":12191,"date":"2019-05-31T18:08:56","date_gmt":"2019-05-31T21:08:56","guid":{"rendered":"https:\/\/www.paranapraia.com.br\/?p=12191"},"modified":"2019-05-31T18:08:58","modified_gmt":"2019-05-31T21:08:58","slug":"chuva-torrencial-deve-continuar-por-pelo-menos-mais-dois-dias-e-deixa-autoridades-em-alerta","status":"publish","type":"post","link":"https:\/\/www.paranapraia.com.br\/index.php\/2019\/05\/31\/chuva-torrencial-deve-continuar-por-pelo-menos-mais-dois-dias-e-deixa-autoridades-em-alerta\/","title":{"rendered":"Chuva torrencial deve continuar por pelo menos mais dois dias e deixa autoridades em alerta"},"content":{"rendered":"\n<h4 class=\"wp-block-heading\">23.012 pessoas j\u00e1 foram afetadas pelas chuvas e 4.184 casas foram danificadas<\/h4>\n\n\n\n<p>A chuva torrencial que j\u00e1 afetou 23 mil pessoas no Paran\u00e1 deve continuar no Paran\u00e1 por pelo menos mais dois dias. A informa\u00e7\u00e3o \u00e9 do Instituto Meteorol\u00f3gico Simepar, que confirma que o tempo deve melhorar e ficar seco apenas a partir da pr\u00f3xima ter\u00e7a-feira (4). Com isso, o fim de semana promete ser de alerta para as autoridades, especialmente a Defesa Civil.<\/p>\n\n\n\n<p>De acordo com o meteorologista Reinaldo Olmar Kneib, apenas nesta sexta-feira (31), j\u00e1 s\u00e3o 44 mil\u00edmetros de chuva em Curitiba. \u201cEstamos sob a influ\u00eancia de uma frente fria, ent\u00e3o o tempo segue mais inst\u00e1vel, oscilando entre os estados de Santa Catarina, Paran\u00e1 e S\u00e3o Paulo. Hoje tivemos uma diminui\u00e7\u00e3o da capacidade de forma\u00e7\u00e3o de temporais, mas a chuva segue persistente\u201d, explicou.<\/p>\n\n\n\n<p>Questionado se esses dias seguidos de chuva podem demonstrar uma tend\u00eancia para o inverno, Kneib confirmou que Curitiba deve ter meses com chuva acima da m\u00e9dia hist\u00f3rica. \u201cJulho a agosto s\u00e3o os mais secos do ano, ent\u00e3o qualquer per\u00edodo mais prolongado de chuva ocasiona esse volume acima da m\u00e9dia. N\u00e3o d\u00e1 para dizer que ser\u00e1 extremamente chuvoso, mas n\u00e3o esperamos um inverno seco e frio\u201d, concluiu.<\/p>\n\n\n\n<h2 class=\"wp-block-heading\"><strong>Boletim<\/strong><\/h2>\n\n\n\n<p>Segundo o mais recente boletim da Defesa Civil, divulgado as 14h02, 23.012 pessoas foram afetadas pelas chuvas e 4.184 casas foram danificadas, em 28 cidades. 120 moradores foram desalojados e 59 est\u00e3o desabrigadas.<\/p>\n\n\n\n<p>Piraquara, na regi\u00e3o metropolitana de Curitiba, \u00e9 a cidade mais atingida, com 5.811.<\/p>\n\n\n\n<p>BandaB<br><\/p>\n\n\n\n<p><br><\/p>\n","protected":false},"excerpt":{"rendered":"<p>23.012 pessoas j\u00e1 foram afetadas pelas chuvas e 4.184 casas foram danificadas A chuva torrencial que j\u00e1 afetou 23 mil pessoas no Paran\u00e1 deve continuar no Paran\u00e1 por pelo menos mais dois dias. A informa\u00e7\u00e3o \u00e9 do Instituto Meteorol\u00f3gico Simepar, que confirma que o tempo deve melhorar e ficar seco apenas a partir da pr\u00f3xima [&hellip;]<\/p>\n","protected":false},"author":2,"featured_media":12102,"comment_status":"open","ping_status":"open","sticky":false,"template":"","format":"standard","meta":{"advanced_seo_description":"","jetpack_seo_html_title":"","jetpack_seo_noindex":false,"_jetpack_memberships_contains_paid_content":false,"footnotes":""},"categories":[40],"tags":[],"class_list":{"0":"post-12191","1":"post","2":"type-post","3":"status-publish","4":"format-standard","5":"has-post-thumbnail","7":"category-destaques"},"jetpack_featured_media_url":"https:\/\/www.paranapraia.com.br\/wp-content\/uploads\/2019\/05\/tempp.jpg","jetpack_sharing_enabled":true,"_links":{"self":[{"href":"https:\/\/www.paranapraia.com.br\/index.php\/wp-json\/wp\/v2\/posts\/12191"}],"collection":[{"href":"https:\/\/www.paranapraia.com.br\/index.php\/wp-json\/wp\/v2\/posts"}],"about":[{"href":"https:\/\/www.paranapraia.com.br\/index.php\/wp-json\/wp\/v2\/types\/post"}],"author":[{"embeddable":true,"href":"https:\/\/www.paranapraia.com.br\/index.php\/wp-json\/wp\/v2\/users\/2"}],"replies":[{"embeddable":true,"href":"https:\/\/www.paranapraia.com.br\/index.php\/wp-json\/wp\/v2\/comments?post=12191"}],"version-history":[{"count":1,"href":"https:\/\/www.paranapraia.com.br\/index.php\/wp-json\/wp\/v2\/posts\/12191\/revisions"}],"predecessor-version":[{"id":12192,"href":"https:\/\/www.paranapraia.com.br\/index.php\/wp-json\/wp\/v2\/posts\/12191\/revisions\/12192"}],"wp:featuredmedia":[{"embeddable":true,"href":"https:\/\/www.paranapraia.com.br\/index.php\/wp-json\/wp\/v2\/media\/12102"}],"wp:attachment":[{"href":"https:\/\/www.paranapraia.com.br\/index.php\/wp-json\/wp\/v2\/media?parent=12191"}],"wp:term":[{"taxonomy":"category","embeddable":true,"href":"https:\/\/www.paranapraia.com.br\/index.php\/wp-json\/wp\/v2\/categories?post=12191"},{"taxonomy":"post_tag","embeddable":true,"href":"https:\/\/www.paranapraia.com.br\/index.php\/wp-json\/wp\/v2\/tags?post=12191"}],"curies":[{"name":"wp","href":"https:\/\/api.w.org\/{rel}","templated":true}]}}