{"id":12187,"date":"2019-05-31T18:06:10","date_gmt":"2019-05-31T21:06:10","guid":{"rendered":"https:\/\/www.paranapraia.com.br\/?p=12187"},"modified":"2019-05-31T18:06:11","modified_gmt":"2019-05-31T21:06:11","slug":"apos-colocar-tornozeleira-carli-filho-deixa-a-prisao-para-cumprir-pena-em-casa","status":"publish","type":"post","link":"https:\/\/www.paranapraia.com.br\/index.php\/2019\/05\/31\/apos-colocar-tornozeleira-carli-filho-deixa-a-prisao-para-cumprir-pena-em-casa\/","title":{"rendered":"Ap\u00f3s colocar tornozeleira, Carli Filho deixa a pris\u00e3o para cumprir pena em casa"},"content":{"rendered":"\n<h4 class=\"wp-block-heading\">O ex-deputado foi condenado por duplo homic\u00eddio com dolo eventual pela morte de dois jovens em um acidente de tr\u00e2nsito em 2009, em Curitiba.<\/h4>\n\n\n\n<p>O ex-deputado Luiz Fernando Ribas Carli Filho, que foi condenado a sete anos de pris\u00e3o pelas mortes de Gilmar Rafael Souza Yared e Carlos Murilo de Almeida, deixou a pris\u00e3o para cumprir pena em casa com o uso de tornozeleira eletr\u00f4nica.<\/p>\n\n\n\n<p>Ele deixou a Penitenci\u00e1ria Estadual de Guarapuava (PEG) por volta das 16h30 desta sexta-feira (31), em Guarapuava, na regi\u00e3o central do Paran\u00e1. Carli estava detido em uma sala especial desde ter\u00e7a-feira (28), quando se entregou na vara de execu\u00e7\u00f5es penais da cidade.<\/p>\n\n\n\n<p>O ex-deputado foi condenado por duplo homic\u00eddio com dolo eventual pelas duas mortes.\u00a0Os dois morreram em um acidente de tr\u00e2nsito em 2009, em Curitiba. A pena imposta a Carli \u00e9 de 7 anos e 4 meses em regime semiaberto.<\/p>\n\n\n\n<p>O Minist\u00e9rio P\u00fablico do Paran\u00e1 (MP-PR) deu parecer favor\u00e1vel para o uso da tornozeleira\u00a0e justificou a decis\u00e3o alertando sobre a falta de vagas no sistema penitenci\u00e1rio de Guarapuava para o cumprimento da pena em regime semiaberto.<\/p>\n\n\n\n<p>A ju\u00edza Liliane Graciele Breitwisser, que autorizou o cumprimento da pena com o equipamento eletr\u00f4nico determinou v\u00e1rias condi\u00e7\u00f5es, entre elas: n\u00e3o queimar, quebrar, for\u00e7ar ou danificar a tornozeleira, n\u00e3o sair do per\u00edmetro delimitado pela Justi\u00e7a, recolher-se dentro de casa entre 21h e 6h do dia seguinte e manter dist\u00e2ncia de no m\u00ednimo 100 metros das unidades prisionais da cidade.<\/p>\n\n\n\n<p>O monitoramento com a tornozeleira eletr\u00f4nica ser\u00e1 feito, ainda conforme a decis\u00e3o da ju\u00edza Graciele Breitwisser, &#8220;at\u00e9 a data prevista para a progress\u00e3o de regime\/livramento condicional&#8221;.<\/p>\n\n\n\n<p>Segundo o advogado Roberto Brzezinski, Carli Filho &#8220;dever\u00e1 continuar trabalhando, como sempre fez, e obedecendo ao determinado na senten\u00e7a judicial&#8221;.<\/p>\n\n\n\n<h2 class=\"wp-block-heading\">Entenda o crime<\/h2>\n\n\n\n<p>Em fevereiro de 2018, Luiz Fernando Ribas Carli Filho\u00a0foi condenado por j\u00fari popular.\u00a0A senten\u00e7a estabeleceu pena de nove anos e quatro meses de pris\u00e3o em regime fechado.<\/p>\n\n\n\n<p>O ent\u00e3o parlamentar dirigia em velocidade entre 161 km\/h e 173 km\/h, conforme apontaram laudos periciais feitos posteriormente, com a carteira de habilita\u00e7\u00e3o cassada \u2014 130 pontos e 30 multas, sendo 23 por excesso de velocidade \u2014, e alcoolizado (ele pr\u00f3prio confessou ter bebido e dirigido). Ele teve ferimentos graves na cabe\u00e7a e ficou internado por quase um m\u00eas.<\/p>\n\n\n\n<p>O Tribunal de Justi\u00e7a do Paran\u00e1 (TJ-PR) come\u00e7ou a avaliar em dezembro de 2018 se o julgamento seguiu o rito legal, al\u00e9m do tempo da pena fixada.<\/p>\n\n\n\n<p>O julgamento foi interrompido e retomado em fevereiro deste ano. Na decis\u00e3o, o TJ-PR determinou a redu\u00e7\u00e3o de pena do ex-deputado.<\/p>\n\n\n\n<p>G1PR<br><\/p>\n\n\n\n<p><br><\/p>\n","protected":false},"excerpt":{"rendered":"<p>O ex-deputado foi condenado por duplo homic\u00eddio com dolo eventual pela morte de dois jovens em um acidente de tr\u00e2nsito em 2009, em Curitiba. O ex-deputado Luiz Fernando Ribas Carli Filho, que foi condenado a sete anos de pris\u00e3o pelas mortes de Gilmar Rafael Souza Yared e Carlos Murilo de Almeida, deixou a pris\u00e3o para [&hellip;]<\/p>\n","protected":false},"author":2,"featured_media":12188,"comment_status":"open","ping_status":"open","sticky":false,"template":"","format":"standard","meta":{"advanced_seo_description":"","jetpack_seo_html_title":"","jetpack_seo_noindex":false,"_jetpack_memberships_contains_paid_content":false,"footnotes":""},"categories":[40],"tags":[],"class_list":{"0":"post-12187","1":"post","2":"type-post","3":"status-publish","4":"format-standard","5":"has-post-thumbnail","7":"category-destaques"},"jetpack_featured_media_url":"https:\/\/www.paranapraia.com.br\/wp-content\/uploads\/2019\/05\/igl.jpeg","jetpack_sharing_enabled":true,"_links":{"self":[{"href":"https:\/\/www.paranapraia.com.br\/index.php\/wp-json\/wp\/v2\/posts\/12187"}],"collection":[{"href":"https:\/\/www.paranapraia.com.br\/index.php\/wp-json\/wp\/v2\/posts"}],"about":[{"href":"https:\/\/www.paranapraia.com.br\/index.php\/wp-json\/wp\/v2\/types\/post"}],"author":[{"embeddable":true,"href":"https:\/\/www.paranapraia.com.br\/index.php\/wp-json\/wp\/v2\/users\/2"}],"replies":[{"embeddable":true,"href":"https:\/\/www.paranapraia.com.br\/index.php\/wp-json\/wp\/v2\/comments?post=12187"}],"version-history":[{"count":1,"href":"https:\/\/www.paranapraia.com.br\/index.php\/wp-json\/wp\/v2\/posts\/12187\/revisions"}],"predecessor-version":[{"id":12189,"href":"https:\/\/www.paranapraia.com.br\/index.php\/wp-json\/wp\/v2\/posts\/12187\/revisions\/12189"}],"wp:featuredmedia":[{"embeddable":true,"href":"https:\/\/www.paranapraia.com.br\/index.php\/wp-json\/wp\/v2\/media\/12188"}],"wp:attachment":[{"href":"https:\/\/www.paranapraia.com.br\/index.php\/wp-json\/wp\/v2\/media?parent=12187"}],"wp:term":[{"taxonomy":"category","embeddable":true,"href":"https:\/\/www.paranapraia.com.br\/index.php\/wp-json\/wp\/v2\/categories?post=12187"},{"taxonomy":"post_tag","embeddable":true,"href":"https:\/\/www.paranapraia.com.br\/index.php\/wp-json\/wp\/v2\/tags?post=12187"}],"curies":[{"name":"wp","href":"https:\/\/api.w.org\/{rel}","templated":true}]}}