{"id":12180,"date":"2019-05-31T17:34:35","date_gmt":"2019-05-31T20:34:35","guid":{"rendered":"https:\/\/www.paranapraia.com.br\/?p=12180"},"modified":"2019-05-31T17:34:39","modified_gmt":"2019-05-31T20:34:39","slug":"secretarias-da-fazenda-e-da-saude-apresentam-relatorios-quadrimestrais-na-assembleia","status":"publish","type":"post","link":"https:\/\/www.paranapraia.com.br\/index.php\/2019\/05\/31\/secretarias-da-fazenda-e-da-saude-apresentam-relatorios-quadrimestrais-na-assembleia\/","title":{"rendered":"Secretarias da Fazenda e da Sa\u00fade apresentam relat\u00f3rios quadrimestrais na Assembleia"},"content":{"rendered":"\n<p>As Secretarias de Estado da Fazenda e da Sa\u00fade apresentam na pr\u00f3xima semana, na\u00a0Assembleia Legislativa\u00a0do Paran\u00e1 (ALEP), os relat\u00f3rios do desempenho do Executivo no per\u00edodo de janeiro a abril de 2019. A audi\u00eancia p\u00fablica em que o secret\u00e1rio de Estado da Fazenda (SEFA), Ren\u00ea Garcia Junior, exp\u00f5e os dados do Governo relativos ao cumprimento das metas fiscais do primeiro quadrimestre do ano est\u00e1 marcada para a pr\u00f3xima quarta-feira (05), \u00e0s 9h30, no Plen\u00e1rio da Casa.<\/p>\n\n\n\n<p>De acordo com a Secretaria da Fazenda, o Governo do Paran\u00e1 registrou, nos primeiros quatro meses de 2019, a receita total de R$ 16,907 bilh\u00f5es, o que significa uma queda nominal de 0,8% e real de 4,86% em rela\u00e7\u00e3o ao mesmo per\u00edodo de 2018. O Estado tamb\u00e9m registrou aumento na despesa de R$ 15,138 bilh\u00f5es no primeiro quadrimestre de 2018 para R$ 15,580 bilh\u00f5es entre janeiro e abril deste ano. A divulga\u00e7\u00e3o dos dados em sess\u00e3o p\u00fablica da Fazenda cumpre o que est\u00e1 disposto no artigo 9\u00ba, par\u00e1grafo 4\u00ba, da\u00a0Lei\u00a0Complementar Federal n\u00ba 101\/2000 \u2013 Lei de Responsabilidade Fiscal (LRF).<\/p>\n\n\n\n<p><strong>Sa\u00fade<\/strong>\u00a0&#8211; J\u00e1 a Comiss\u00e3o de Sa\u00fade P\u00fablica da Assembleia promove, na pr\u00f3xima ter\u00e7a-feira (04), audi\u00eancia para a apresenta\u00e7\u00e3o do relat\u00f3rio de gest\u00e3o da Secretaria de Estado da Sa\u00fade do Paran\u00e1 (SESA) nos primeiros quatro meses deste ano. A reuni\u00e3o ocorre \u00e0s 9 horas no Audit\u00f3rio Legislativo com a presen\u00e7a do secret\u00e1rio Beto Preto. A presta\u00e7\u00e3o de contas da SESA ocorre por for\u00e7a da\u00a0Lei Complementar\u00a0Federal 141\/2012.<\/p>\n\n\n\n<p><strong>Informa\u00e7\u00f5es<\/strong>&nbsp;\u2013 No grande expediente desta segunda-feira (03), \u00e0s 14h30, ocorre a palestra &#8220;Justi\u00e7a Eleitoral no Brasil&#8221;, ministrada pelo desembargador Thompson Flores, presidente do Tribunal Regional Federal da 4\u00aa Regi\u00e3o (TRF4). A proposi\u00e7\u00e3o \u00e9 do presidente da Assembleia, deputado Ademar Traiano (PSDB), e do primeiro secret\u00e1rio, deputado Luiz Claudio Romanelli (PSB).<\/p>\n\n\n\n<p>Na oportunidade ser\u00e1 lan\u00e7ado o Sistema Eletr\u00f4nico de Informa\u00e7\u00f5es (SEI) da Assembleia. O SEI \u00e9 uma ferramenta criada por servidores do TRF4 em 2009. Atualmente \u00e9 utilizada por mais de 400 \u00f3rg\u00e3os p\u00fablicos em todo o Brasil. S\u00f3 no Poder Judici\u00e1rio s\u00e3o mais de 40 institui\u00e7\u00f5es. O sistema permite a gest\u00e3o eletr\u00f4nica e simult\u00e2nea das atividades administrativas sem uso de papel. O objetivo \u00e9 promover agilidade, sustentabilidade e economia de recursos, resultando em menos burocracia e mais celeridade.<\/p>\n\n\n\n<p><strong>Outras reuni\u00f5es<\/strong>&nbsp;\u2013 Ainda na ter\u00e7a-feira, \u00e0s 13h30, est\u00e1 marcada a reuni\u00e3o da Comiss\u00e3o Parlamentar de Inqu\u00e9rito (CPI) da JMK, por proposi\u00e7\u00e3o do deputado Soldado Fruet (PROS). O encontro ocorre a Sala de Reuni\u00f5es do 3\u00b0 andar do pr\u00e9dio administrativo. \u00c0s 17 horas, na sala deputado Arnaldo Busato, ocorre a reuni\u00e3o da Comiss\u00e3o de Ind\u00fastria, Com\u00e9rcio, Emprego e Renda, por proposi\u00e7\u00e3o do deputado Paulo Litro (PSDB). No mesmo dia, \u00e0s 18h30 no Plen\u00e1rio da Casa, ser\u00e1 realizado o Treinamento do Parlamento Universit\u00e1rio.<\/p>\n\n\n\n<p>Na quarta-feira (05), \u00e0s 10h30, ocorre a Reuni\u00e3o da\u00a0Frente Parlamentar\u00a0em Prol de Pol\u00edticas P\u00fablicas para o Desenvolvimento da Regi\u00e3o Noroeste do Paran\u00e1. O encontro ser\u00e1 realizado no Audit\u00f3rio Legislativo por proposi\u00e7\u00e3o do deputado Delegado Fernando (PSL). Na quinta-feira (06), a Assembleia recebe \u00e0s 10 horas a visita de alunos do Col\u00e9gio ESIC Internacional.<\/p>\n\n\n\n<figure class=\"wp-block-image\"><img decoding=\"async\" src=\"http:\/\/www.assembleia.pr.leg.br\/arquivos\/imagens\/10890\/715\" alt=\"\"\/><\/figure>\n\n\n\n<p>Secret\u00e1rio de Estado da Sa\u00fade, Beto Preto, apresenta relat\u00f3rio quadrimestral de investimentos na sa\u00fade do Paran\u00e1. \/ Foto:\u00a0<strong>D\u00e1lie Felberg\/Alep<\/strong><\/p>\n\n\n\n<p>ALEP<\/p>\n","protected":false},"excerpt":{"rendered":"<p>As Secretarias de Estado da Fazenda e da Sa\u00fade apresentam na pr\u00f3xima semana, na\u00a0Assembleia Legislativa\u00a0do Paran\u00e1 (ALEP), os relat\u00f3rios do desempenho do Executivo no per\u00edodo de janeiro a abril de 2019. A audi\u00eancia p\u00fablica em que o secret\u00e1rio de Estado da Fazenda (SEFA), Ren\u00ea Garcia Junior, exp\u00f5e os dados do Governo relativos ao cumprimento das [&hellip;]<\/p>\n","protected":false},"author":2,"featured_media":12181,"comment_status":"open","ping_status":"open","sticky":false,"template":"","format":"standard","meta":{"advanced_seo_description":"","jetpack_seo_html_title":"","jetpack_seo_noindex":false,"_jetpack_memberships_contains_paid_content":false,"footnotes":""},"categories":[32],"tags":[],"class_list":{"0":"post-12180","1":"post","2":"type-post","3":"status-publish","4":"format-standard","5":"has-post-thumbnail","7":"category-politica"},"jetpack_featured_media_url":"https:\/\/www.paranapraia.com.br\/wp-content\/uploads\/2019\/05\/careci.jpg","jetpack_sharing_enabled":true,"_links":{"self":[{"href":"https:\/\/www.paranapraia.com.br\/index.php\/wp-json\/wp\/v2\/posts\/12180"}],"collection":[{"href":"https:\/\/www.paranapraia.com.br\/index.php\/wp-json\/wp\/v2\/posts"}],"about":[{"href":"https:\/\/www.paranapraia.com.br\/index.php\/wp-json\/wp\/v2\/types\/post"}],"author":[{"embeddable":true,"href":"https:\/\/www.paranapraia.com.br\/index.php\/wp-json\/wp\/v2\/users\/2"}],"replies":[{"embeddable":true,"href":"https:\/\/www.paranapraia.com.br\/index.php\/wp-json\/wp\/v2\/comments?post=12180"}],"version-history":[{"count":1,"href":"https:\/\/www.paranapraia.com.br\/index.php\/wp-json\/wp\/v2\/posts\/12180\/revisions"}],"predecessor-version":[{"id":12182,"href":"https:\/\/www.paranapraia.com.br\/index.php\/wp-json\/wp\/v2\/posts\/12180\/revisions\/12182"}],"wp:featuredmedia":[{"embeddable":true,"href":"https:\/\/www.paranapraia.com.br\/index.php\/wp-json\/wp\/v2\/media\/12181"}],"wp:attachment":[{"href":"https:\/\/www.paranapraia.com.br\/index.php\/wp-json\/wp\/v2\/media?parent=12180"}],"wp:term":[{"taxonomy":"category","embeddable":true,"href":"https:\/\/www.paranapraia.com.br\/index.php\/wp-json\/wp\/v2\/categories?post=12180"},{"taxonomy":"post_tag","embeddable":true,"href":"https:\/\/www.paranapraia.com.br\/index.php\/wp-json\/wp\/v2\/tags?post=12180"}],"curies":[{"name":"wp","href":"https:\/\/api.w.org\/{rel}","templated":true}]}}