{"id":12177,"date":"2019-05-31T17:32:06","date_gmt":"2019-05-31T20:32:06","guid":{"rendered":"https:\/\/www.paranapraia.com.br\/?p=12177"},"modified":"2019-05-31T17:32:07","modified_gmt":"2019-05-31T20:32:07","slug":"familias-pedem-ajuda-apos-chuva-devastadora-na-regiao-metropolitana-de-curitiba","status":"publish","type":"post","link":"https:\/\/www.paranapraia.com.br\/index.php\/2019\/05\/31\/familias-pedem-ajuda-apos-chuva-devastadora-na-regiao-metropolitana-de-curitiba\/","title":{"rendered":"Fam\u00edlias pedem ajuda ap\u00f3s chuva devastadora na Regi\u00e3o Metropolitana de Curitiba"},"content":{"rendered":"\n<p>A chuva\u00a0desta quinta-feira (30)\u00a0causou grandes estragos\u00a0em<strong>\u00a0Curitiba<\/strong>\u00a0e regi\u00e3o. Muitas fam\u00edlias tiveram suas casas danificadas e perderam quase tudo que tinham. Com o passar das horas e dias, al\u00e9m da chegada de novas not\u00edcias e acontecimentos, a dor dessas pessoas acaba perdendo espa\u00e7o. Alguns relatos foram emocionantes, como do\u00a0<strong>Adieli e do Anderson<\/strong>, ambos de\u00a0Rio Branco do Sul,\u00a0um dos locais mais atingidos.<br><\/p>\n\n\n\n<p>\u201cOl\u00e1 bom boa tarde. Vim fala da tempestade. Minha irm\u00e3 com as crian\u00e7as foram atingidas ?. Ela tem 4 crian\u00e7as. Uma das crian\u00e7as t\u00eam menos de um m\u00eas e pe\u00e7o a ajuda se voc\u00eas puderem postar pra mim eu agrade\u00e7o. J\u00e1 postei nos grupos no Facebook. Pe\u00e7o ajuda ela est\u00e1 de dieta ainda e o beb\u00ea dela tem menos de 1 m\u00eas ainda ?\u201d.<\/p>\n\n\n\n<figure class=\"wp-block-image\"><img decoding=\"async\" src=\"https:\/\/www.tribunapr.com.br\/wp-content\/uploads\/sites\/1\/2019\/05\/granizo-leitor6-1110x754.jpg?a86372\" alt=\"Granizo em Rio Branco do Sul. Foto: Colabora\u00e7\u00e3o\" class=\"wp-image-2986592\"\/><\/figure>\n\n\n\n<p>Granizo em Rio Branco do Sul. Foto: Colabora\u00e7\u00e3o<\/p>\n\n\n\n<figure class=\"wp-block-image\"><img decoding=\"async\" src=\"https:\/\/www.tribunapr.com.br\/wp-content\/uploads\/sites\/1\/2019\/05\/granizo-leitor7-1110x766.jpg?a86372\" alt=\"Granizo em Rio Branco do Sul. Foto: Colabora\u00e7\u00e3o\" class=\"wp-image-2986588\"\/><\/figure>\n\n\n\n<p>Granizo em Rio Branco do Sul. Foto: Colabora\u00e7\u00e3o<\/p>\n\n\n\n<p>Se voc\u00ea precisa ou pode ajudar com algo comente ou compartilhe para os conhecidos. Vamos fazer uma rede de solidariedade, uma corrente do bem que pode auxiliar muitas fam\u00edlias.<\/p>\n\n\n\n<p>TribunaPr<\/p>\n","protected":false},"excerpt":{"rendered":"<p>A chuva\u00a0desta quinta-feira (30)\u00a0causou grandes estragos\u00a0em\u00a0Curitiba\u00a0e regi\u00e3o. Muitas fam\u00edlias tiveram suas casas danificadas e perderam quase tudo que tinham. Com o passar das horas e dias, al\u00e9m da chegada de novas not\u00edcias e acontecimentos, a dor dessas pessoas acaba perdendo espa\u00e7o. Alguns relatos foram emocionantes, como do\u00a0Adieli e do Anderson, ambos de\u00a0Rio Branco do Sul,\u00a0um [&hellip;]<\/p>\n","protected":false},"author":2,"featured_media":12178,"comment_status":"open","ping_status":"open","sticky":false,"template":"","format":"standard","meta":{"advanced_seo_description":"","jetpack_seo_html_title":"","jetpack_seo_noindex":false,"_jetpack_memberships_contains_paid_content":false,"footnotes":""},"categories":[42],"tags":[],"class_list":{"0":"post-12177","1":"post","2":"type-post","3":"status-publish","4":"format-standard","5":"has-post-thumbnail","7":"category-cidades"},"jetpack_featured_media_url":"https:\/\/www.paranapraia.com.br\/wp-content\/uploads\/2019\/05\/uie.jpg","jetpack_sharing_enabled":true,"_links":{"self":[{"href":"https:\/\/www.paranapraia.com.br\/index.php\/wp-json\/wp\/v2\/posts\/12177"}],"collection":[{"href":"https:\/\/www.paranapraia.com.br\/index.php\/wp-json\/wp\/v2\/posts"}],"about":[{"href":"https:\/\/www.paranapraia.com.br\/index.php\/wp-json\/wp\/v2\/types\/post"}],"author":[{"embeddable":true,"href":"https:\/\/www.paranapraia.com.br\/index.php\/wp-json\/wp\/v2\/users\/2"}],"replies":[{"embeddable":true,"href":"https:\/\/www.paranapraia.com.br\/index.php\/wp-json\/wp\/v2\/comments?post=12177"}],"version-history":[{"count":1,"href":"https:\/\/www.paranapraia.com.br\/index.php\/wp-json\/wp\/v2\/posts\/12177\/revisions"}],"predecessor-version":[{"id":12179,"href":"https:\/\/www.paranapraia.com.br\/index.php\/wp-json\/wp\/v2\/posts\/12177\/revisions\/12179"}],"wp:featuredmedia":[{"embeddable":true,"href":"https:\/\/www.paranapraia.com.br\/index.php\/wp-json\/wp\/v2\/media\/12178"}],"wp:attachment":[{"href":"https:\/\/www.paranapraia.com.br\/index.php\/wp-json\/wp\/v2\/media?parent=12177"}],"wp:term":[{"taxonomy":"category","embeddable":true,"href":"https:\/\/www.paranapraia.com.br\/index.php\/wp-json\/wp\/v2\/categories?post=12177"},{"taxonomy":"post_tag","embeddable":true,"href":"https:\/\/www.paranapraia.com.br\/index.php\/wp-json\/wp\/v2\/tags?post=12177"}],"curies":[{"name":"wp","href":"https:\/\/api.w.org\/{rel}","templated":true}]}}