{"id":12155,"date":"2019-05-31T15:46:12","date_gmt":"2019-05-31T18:46:12","guid":{"rendered":"https:\/\/www.paranapraia.com.br\/?p=12155"},"modified":"2019-05-31T15:46:24","modified_gmt":"2019-05-31T18:46:24","slug":"esta-chovendo-fake-news-diz-ministro-da-educacao-ao-som-de-cantando-na-chuva","status":"publish","type":"post","link":"https:\/\/www.paranapraia.com.br\/index.php\/2019\/05\/31\/esta-chovendo-fake-news-diz-ministro-da-educacao-ao-som-de-cantando-na-chuva\/","title":{"rendered":"\u2018Est\u00e1 chovendo fake news\u2019, diz ministro da Educa\u00e7\u00e3o ao som de \u2018Cantando na Chuva\u2019"},"content":{"rendered":"\n<h4 class=\"wp-block-heading\">O v\u00eddeo tem como trilha sonora a can\u00e7\u00e3o Cantando da Chuva (&#8220;Singin&#8217; In The Rain&#8221;), do cl\u00e1ssico musical de mesmo nome de 1952<\/h4>\n\n\n\n<p>Em v\u00eddeo publicado em sua conta no Twitter nesta quinta-feira, 30, o ministro da Educa\u00e7\u00e3o, Abraham Weintraub afirma que uma \u201cfake news\u201d relaciona a paralisa\u00e7\u00e3o da recupera\u00e7\u00e3o do Museu Nacional no Rio, destru\u00eddo por um inc\u00eandio em 2 de setembro do ano passado, ao MEC.<\/p>\n\n\n\n<p>Na grava\u00e7\u00e3o, Weintraub indica que R$ 55 milh\u00f5es foram destinados \u00e0 recupera\u00e7\u00e3o do museu por meio de emendas parlamentares e que a decis\u00e3o de reduzir o valor em R$ 12 milh\u00f5es foi tomada pela bancada de deputados do Rio de Janeiro, n\u00e3o tendo rela\u00e7\u00e3o com o Minist\u00e9rio da Educa\u00e7\u00e3o.<\/p>\n\n\n\n<p>O v\u00eddeo tem como trilha sonora a can\u00e7\u00e3o Cantando da Chuva (\u201cSingin\u2019 In The Rain\u201d), do cl\u00e1ssico musical de mesmo nome de 1952. Na grava\u00e7\u00e3o, o ministro carrega um guarda-chuva, diz que \u201cest\u00e1 chovendo fake news\u201d e pede que \u201cpare de chover no MEC\u201d.<\/p>\n\n\n\n<p>Weintraub atribui a informa\u00e7\u00e3o a \u201cpessoas que est\u00e3o de mal com a vida tenta macular a imagem do MEC\u201d. O ministro tamb\u00e9m diz que mesmo que a redu\u00e7\u00e3o n\u00e3o tivesse ocorrido e que o dinheiro j\u00e1 estivesse dispon\u00edvel, as obras n\u00e3o poderiam ser iniciadas, uma vez que o projeto de recupera\u00e7\u00e3o do museu n\u00e3o foi protocolado.Clique aqui para ver a performance do ministro<\/p>\n\n\n\n<p>Bandab<br><\/p>\n","protected":false},"excerpt":{"rendered":"<p>O v\u00eddeo tem como trilha sonora a can\u00e7\u00e3o Cantando da Chuva (&#8220;Singin&#8217; In The Rain&#8221;), do cl\u00e1ssico musical de mesmo nome de 1952 Em v\u00eddeo publicado em sua conta no Twitter nesta quinta-feira, 30, o ministro da Educa\u00e7\u00e3o, Abraham Weintraub afirma que uma \u201cfake news\u201d relaciona a paralisa\u00e7\u00e3o da recupera\u00e7\u00e3o do Museu Nacional no Rio, [&hellip;]<\/p>\n","protected":false},"author":2,"featured_media":12156,"comment_status":"open","ping_status":"open","sticky":false,"template":"","format":"standard","meta":{"advanced_seo_description":"","jetpack_seo_html_title":"","jetpack_seo_noindex":false,"_jetpack_memberships_contains_paid_content":false,"footnotes":""},"categories":[43],"tags":[],"class_list":{"0":"post-12155","1":"post","2":"type-post","3":"status-publish","4":"format-standard","5":"has-post-thumbnail","7":"category-cotidiano"},"jetpack_featured_media_url":"https:\/\/www.paranapraia.com.br\/wp-content\/uploads\/2019\/05\/frame-do-v\u00eddeo-publicado-por-Weintraub-565x350.png","jetpack_sharing_enabled":true,"_links":{"self":[{"href":"https:\/\/www.paranapraia.com.br\/index.php\/wp-json\/wp\/v2\/posts\/12155"}],"collection":[{"href":"https:\/\/www.paranapraia.com.br\/index.php\/wp-json\/wp\/v2\/posts"}],"about":[{"href":"https:\/\/www.paranapraia.com.br\/index.php\/wp-json\/wp\/v2\/types\/post"}],"author":[{"embeddable":true,"href":"https:\/\/www.paranapraia.com.br\/index.php\/wp-json\/wp\/v2\/users\/2"}],"replies":[{"embeddable":true,"href":"https:\/\/www.paranapraia.com.br\/index.php\/wp-json\/wp\/v2\/comments?post=12155"}],"version-history":[{"count":1,"href":"https:\/\/www.paranapraia.com.br\/index.php\/wp-json\/wp\/v2\/posts\/12155\/revisions"}],"predecessor-version":[{"id":12157,"href":"https:\/\/www.paranapraia.com.br\/index.php\/wp-json\/wp\/v2\/posts\/12155\/revisions\/12157"}],"wp:featuredmedia":[{"embeddable":true,"href":"https:\/\/www.paranapraia.com.br\/index.php\/wp-json\/wp\/v2\/media\/12156"}],"wp:attachment":[{"href":"https:\/\/www.paranapraia.com.br\/index.php\/wp-json\/wp\/v2\/media?parent=12155"}],"wp:term":[{"taxonomy":"category","embeddable":true,"href":"https:\/\/www.paranapraia.com.br\/index.php\/wp-json\/wp\/v2\/categories?post=12155"},{"taxonomy":"post_tag","embeddable":true,"href":"https:\/\/www.paranapraia.com.br\/index.php\/wp-json\/wp\/v2\/tags?post=12155"}],"curies":[{"name":"wp","href":"https:\/\/api.w.org\/{rel}","templated":true}]}}