{"id":1214,"date":"2019-03-19T11:10:02","date_gmt":"2019-03-19T14:10:02","guid":{"rendered":"https:\/\/www.paranapraia.com.br\/?p=1214"},"modified":"2019-03-19T11:10:04","modified_gmt":"2019-03-19T14:10:04","slug":"sindrome-alcoolica-fetal-os-males-causados-nos-filhos-pelo-consumo-de-bebidas-na-gravidez","status":"publish","type":"post","link":"https:\/\/www.paranapraia.com.br\/index.php\/2019\/03\/19\/sindrome-alcoolica-fetal-os-males-causados-nos-filhos-pelo-consumo-de-bebidas-na-gravidez\/","title":{"rendered":"S\u00edndrome Alco\u00f3lica Fetal: os males causados nos filhos pelo consumo de bebidas na gravidez"},"content":{"rendered":"\n<p>Rachel, de 16 anos, parou de crescer h\u00e1 seis anos. Andy tem problemas graves de mem\u00f3ria. Ambos sofrem com o transtorno conhecido como S\u00edndrome Alco\u00f3lica Fetal, provocado pelo consumo de grandes quantidades de&nbsp;<a href=\"https:\/\/www.bbc.com\/portuguese\/topics\/483289a7-57e4-487a-8e88-bf503e67b53e\">\u00e1lcool<\/a>&nbsp;pelas m\u00e3es durante a gesta\u00e7\u00e3o.<\/p>\n\n\n\n<p>Andy e Rachel foram adotados pelo casal Sharon e Paul, que tamb\u00e9m criam outros tr\u00eas filhos adotivos.<\/p>\n\n\n\n<p>Quando pequeno, Andy tinha ataques de p\u00e2nico em lugares com muita gente. Enfrentava dificuldade para executar atividades cotidianas simples como escovar os dentes.<\/p>\n\n\n\n<p>Tinha problemas para se concentrar. M\u00e9dicos haviam diagnosticado Andy com s\u00edndrome do espectro alco\u00f3lico fetal, mas os servi\u00e7os de assist\u00eancia social, segundo a m\u00e3e adotiva, nunca deram muita import\u00e2ncia.<\/p>\n\n\n\n<p>Andy tamb\u00e9m sofre com problemas f\u00edsicos provocados pelo consumo de \u00e1lcool da m\u00e3e biol\u00f3gica. A mand\u00edbula inferior se desenvolveu corretamente, mas a superior, n\u00e3o. Aos 17 anos, ele precisou passar por uma cirurgia.<\/p>\n\n\n\n<h2 class=\"wp-block-heading\">Diagn\u00f3stico dif\u00edcil<\/h2>\n\n\n\n<p>Rachel tamb\u00e9m tem problemas f\u00edsicos, como dificuldades para movimentar as articula\u00e7\u00f5es e percorrer grandes dist\u00e2ncias a p\u00e9. A s\u00edndrome foi diagnosticada quando ela tinha seis anos. Ela sofre, ainda, com transtorno de d\u00e9ficit de aten\u00e7\u00e3o e hiperatividade.<\/p>\n\n\n\n<p>N\u00e3o h\u00e1 dados oficiais sobre quantas crian\u00e7as sofrem com esse tipo de s\u00edndrome, porque ela \u00e9 considerada de dif\u00edcil diagn\u00f3stico. Estudo do Centro de Depend\u00eancia e Sa\u00fade Mental do Canad\u00e1 estima que 119 mil crian\u00e7as com S\u00edndrome Alco\u00f3lica Fetal nas\u00e7am a cada ano no mundo.<\/p>\n\n\n\n<p>Segundo a&nbsp;<a href=\"http:\/\/www.sbp.com.br\/imprensa\/detalhe\/nid\/sbp-divulga-videos-de-alerta-contra-a-sindrome-alcoolica-fetal-saf\/\">Sociedade Brasileira de Pediatria<\/a>, estudos apontam que de cada 1 mil nascidos vivos, de dois a sete beb\u00eas apresentam sinais do problema.<\/p>\n\n\n\n<figure class=\"wp-block-image\"><img decoding=\"async\" src=\"https:\/\/ichef.bbci.co.uk\/news\/624\/cpsprodpb\/305B\/production\/_104597321_youngandy.jpg\" alt=\"Andy Jackson\"\/><figcaption>Image captionQuando pequeno, Andy tinha ataques de p\u00e2nico<\/figcaption><\/figure>\n\n\n\n<p>Entre os sintomas, h\u00e1 danos cerebrais, problemas f\u00edsicos e no sistema nervoso central, entre outros. As manifesta\u00e7\u00f5es da s\u00edndrome, em sua maioria, n\u00e3o t\u00eam cura.<\/p>\n\n\n\n<p>Ainda conforme a Sociedade Brasileira de Pediatria, entre os sintomas mais comuns da S\u00edndrome Alco\u00f3lica Fetal est\u00e3o:<\/p>\n\n\n\n<p>&#8211; altera\u00e7\u00f5es faciais;<\/p>\n\n\n\n<p>&#8211; atraso no crescimento;<\/p>\n\n\n\n<p>&#8211; desordens de comportamento e de aprendizado;<\/p>\n\n\n\n<p>&#8211; comprometimento em diferentes \u00f3rg\u00e3os, aparelhos e sistemas, principalmente no nervoso central.<\/p>\n\n\n\n<p>H\u00e1 tamb\u00e9m tr\u00eas altera\u00e7\u00f5es faciais relacionadas \u00e0 S\u00edndrome Alco\u00f3lica Fetal, de acordo com a Sociedade Brasileira de Pediatria. S\u00e3o elas: p\u00e1lpebras estreitas e pequenas, aus\u00eancia de filtro nasal e borda vermelha do l\u00e1bio superior fina. Al\u00e9m disso, tamb\u00e9m podem ocorrer microcefalia, problemas no f\u00edgado, rins, cora\u00e7\u00e3o, al\u00e9m de d\u00e9ficit de audi\u00e7\u00e3o e vis\u00e3o.<\/p>\n\n\n\n<h2 class=\"wp-block-heading\">Abstin\u00eancia antes e durante gravidez<\/h2>\n\n\n\n<p>A preven\u00e7\u00e3o, segundo especialistas, est\u00e1 baseada na abstin\u00eancia total de consumo de \u00e1lcool pela mulher gr\u00e1vida e tamb\u00e9m pela mulher que deseja engravidar.<\/p>\n\n\n\n<figure class=\"wp-block-image\"><img decoding=\"async\" src=\"https:\/\/ichef.bbci.co.uk\/news\/624\/cpsprodpb\/576B\/production\/_104597322_youngrachel.jpg\" alt=\"Rachel Jackson.\"\/><figcaption>Image captionRachel foi diagnosticada com S\u00edndrome Alco\u00f3lica Fetal aos seis anos de idade<\/figcaption><\/figure>\n\n\n\n<p>&#8220;\u00c9 preciso diagnosticar todas as crian\u00e7as que sofrem [com a s\u00edndrome] e ajud\u00e1-las para evitar que pade\u00e7am de transtornos derivados, como problemas de sa\u00fade mental. A S\u00edndrome Alco\u00f3lica Fetal causa um dano cerebral permanente, mas tamb\u00e9m n\u00e3o \u00e9 uma senten\u00e7a perp\u00e9tua. Com ajuda, d\u00e1 para viver uma vida plena&#8221;, explica Sharon, a m\u00e3e adotiva de Rachel e Andy.<\/p>\n\n\n\n<p>Os dois filhos adotivos de Sharon compartilham sentimentos similares em rela\u00e7\u00f5es \u00e0s m\u00e3es biol\u00f3gicas.<\/p>\n\n\n\n<p>&#8220;Eu tenho de lutar todos os dias com alguns sintomas sabendo que eles eram totalmente evit\u00e1veis. \u00c9 muito dif\u00edcil, mas n\u00e3o sei qual era a situa\u00e7\u00e3o da minha m\u00e3e ou quais eram as circunst\u00e2ncias da vida dela&#8221;, diz Andy.<\/p>\n\n\n\n<p>Rachel, por sua vez, reconhece que ter sentimentos controversos em rela\u00e7\u00e3o \u00e0 m\u00e3e. &#8220;Me sinto frustrada e triste, mas tento ser compreensiva porque talvez minha m\u00e3o biol\u00f3gica n\u00e3o soubesse as consequ\u00eancias do que estava fazendo. De toda forma, tenho de viver cada dia sabendo que sou diferente porque uma pessoa cometeu um erro&#8221;, afirma.<\/p>\n\n\n\n<p>Fonte: BBC<\/p>\n","protected":false},"excerpt":{"rendered":"<p>Rachel, de 16 anos, parou de crescer h\u00e1 seis anos. Andy tem problemas graves de mem\u00f3ria. Ambos sofrem com o transtorno conhecido como S\u00edndrome Alco\u00f3lica Fetal, provocado pelo consumo de grandes quantidades de&nbsp;\u00e1lcool&nbsp;pelas m\u00e3es durante a gesta\u00e7\u00e3o. Andy e Rachel foram adotados pelo casal Sharon e Paul, que tamb\u00e9m criam outros tr\u00eas filhos adotivos. Quando [&hellip;]<\/p>\n","protected":false},"author":2,"featured_media":1215,"comment_status":"open","ping_status":"open","sticky":false,"template":"","format":"standard","meta":{"advanced_seo_description":"","jetpack_seo_html_title":"","jetpack_seo_noindex":false,"_jetpack_memberships_contains_paid_content":false,"footnotes":""},"categories":[50],"tags":[],"class_list":{"0":"post-1214","1":"post","2":"type-post","3":"status-publish","4":"format-standard","5":"has-post-thumbnail","7":"category-saude"},"jetpack_featured_media_url":"https:\/\/www.paranapraia.com.br\/wp-content\/uploads\/2019\/03\/sind.jpg","jetpack_sharing_enabled":true,"_links":{"self":[{"href":"https:\/\/www.paranapraia.com.br\/index.php\/wp-json\/wp\/v2\/posts\/1214"}],"collection":[{"href":"https:\/\/www.paranapraia.com.br\/index.php\/wp-json\/wp\/v2\/posts"}],"about":[{"href":"https:\/\/www.paranapraia.com.br\/index.php\/wp-json\/wp\/v2\/types\/post"}],"author":[{"embeddable":true,"href":"https:\/\/www.paranapraia.com.br\/index.php\/wp-json\/wp\/v2\/users\/2"}],"replies":[{"embeddable":true,"href":"https:\/\/www.paranapraia.com.br\/index.php\/wp-json\/wp\/v2\/comments?post=1214"}],"version-history":[{"count":1,"href":"https:\/\/www.paranapraia.com.br\/index.php\/wp-json\/wp\/v2\/posts\/1214\/revisions"}],"predecessor-version":[{"id":1216,"href":"https:\/\/www.paranapraia.com.br\/index.php\/wp-json\/wp\/v2\/posts\/1214\/revisions\/1216"}],"wp:featuredmedia":[{"embeddable":true,"href":"https:\/\/www.paranapraia.com.br\/index.php\/wp-json\/wp\/v2\/media\/1215"}],"wp:attachment":[{"href":"https:\/\/www.paranapraia.com.br\/index.php\/wp-json\/wp\/v2\/media?parent=1214"}],"wp:term":[{"taxonomy":"category","embeddable":true,"href":"https:\/\/www.paranapraia.com.br\/index.php\/wp-json\/wp\/v2\/categories?post=1214"},{"taxonomy":"post_tag","embeddable":true,"href":"https:\/\/www.paranapraia.com.br\/index.php\/wp-json\/wp\/v2\/tags?post=1214"}],"curies":[{"name":"wp","href":"https:\/\/api.w.org\/{rel}","templated":true}]}}