{"id":12137,"date":"2019-05-31T14:45:27","date_gmt":"2019-05-31T17:45:27","guid":{"rendered":"https:\/\/www.paranapraia.com.br\/?p=12137"},"modified":"2019-05-31T14:45:29","modified_gmt":"2019-05-31T17:45:29","slug":"sob-tensao-psdb-elege-bruno-araujo-aliado-de-doria-para-presidir-partido","status":"publish","type":"post","link":"https:\/\/www.paranapraia.com.br\/index.php\/2019\/05\/31\/sob-tensao-psdb-elege-bruno-araujo-aliado-de-doria-para-presidir-partido\/","title":{"rendered":"Sob tens\u00e3o, PSDB elege Bruno Ara\u00fajo, aliado de Doria, para presidir partido"},"content":{"rendered":"\n<p>O ex-deputado federal e ex-ministro Bruno Ara\u00fajo (PE), 47, foi eleito presidente nacional do PSDB nesta sexta-feira (31) para colocar em pr\u00e1tica as diretrizes do novo PSDB engendrado pelo governador de S\u00e3o Paulo, Jo\u00e3o Doria, principal l\u00edder do partido.<\/p>\n\n\n\n<p>Doria, que constr\u00f3i uma candidatura ao Planalto em 2022, foi recebido pela milit\u00e2ncia aos gritos de &#8220;Brasil pra frente, Doria presidente&#8221;. Chegou acompanhado do presidente da C\u00e2mara dos Deputados, Rodrigo Maia (DEM), de quem se tornou aliado na articula\u00e7\u00e3o para aprova\u00e7\u00e3o da reforma da Previd\u00eancia.<\/p>\n\n\n\n<p>Ara\u00fajo sucede o ex-governador Geraldo Alckmin no comando do PSDB e foi eleito em chapa \u00fanica, sem concorr\u00eancia. N\u00e3o porque todos os tucanos concordem com os rumos ditados por Doria, que prega renova\u00e7\u00e3o, mas porque caciques fundadores da sigla n\u00e3o conseguiram viabilizar um nome competitivo.<\/p>\n\n\n\n<p>A tens\u00e3o entre a velha guarda tucana e aliados de Doria ficou evidente na conven\u00e7\u00e3o, por meio de discursos e de uma briga. Dois grupos da juventude do partido, um ligado ao governador paulista e outro ligado e ao ex-presidente Fernando Henrique Cardoso, trocaram agress\u00f5es f\u00edsicas.<\/p>\n\n\n\n<p>A confus\u00e3o come\u00e7ou quando o grupo de Doria vaiou a nova presidente da juventude tucana, J\u00falia Jereissati, sobrinha do senador Tasso Jereissati (CE) e representante do grupo opositor. At\u00e9 o presidente do PSDB de S\u00e3o Paulo, Marco Vinholi, que foi indicado por Doria, se envolveu no bate-boca.<\/p>\n\n\n\n<p>Aliados de Doria estavam vestidos com camiseta amarela e bon\u00e9 azul, onde se lia &#8220;novo PSDB&#8221;.<\/p>\n\n\n\n<p>J\u00e1 o grupo pr\u00f3ximo a Alckmin questionava se a alegada renova\u00e7\u00e3o era real. Questionavam, em tom de brincadeira, se os &#8220;cabe\u00e7as-pretas&#8221; n\u00e3o eram apenas cabelos brancos tingidos.<\/p>\n\n\n\n<p>No entanto, a ala alckmista n\u00e3o se furtou a fazer autocr\u00edtica. Em rodas de conversas pelo sal\u00e3o, aliados reconheceram o tamanho da derrota na disputa eleitoral do ano passado e a perda de espa\u00e7o no lado direito do espectro pol\u00edtico para o presidente Bolsonaro.<\/p>\n\n\n\n<p>&#8220;Sentimento de dever cumprido&#8221;, disse Alckmin ao chegar \u00e0 conven\u00e7\u00e3o. Questionado sobre seu sucessor, se comprometeu a ajud\u00e1-lo. &#8220;Bruno \u00e9 um bom quadro, preparado, animado. Vai fazer um bom trabalho e vamos ajud\u00e1-lo&#8221;, afirmou.<\/p>\n\n\n\n<p>&#8220;\u00c9 um processo de renova\u00e7\u00e3o natural&nbsp;e, ao mesmo tempo, com responsabilidade de respeitar o passado e construir o futuro&#8221;, disse o governador do Rio Grande do Sul, Eduardo Leite, um dos jovens quadros do partido.<\/p>\n\n\n\n<p>Jereissati disse que a transi\u00e7\u00e3o \u00e9 importante e representa a supera\u00e7\u00e3o de &#8220;um per\u00edodo dif\u00edcil&#8221;. &#8220;Renovar n\u00e3o \u00e9 s\u00f3 idade, \u00e9 ideias. Cabe\u00e7a nova,&nbsp;h\u00e1bitos, comportamento pol\u00edtico.&nbsp;Tem muita gente nova. Muita gente boa, que tem condi\u00e7\u00f5es de levar o partido no seu rumo verdadeiro&#8221;, afirmou.<\/p>\n\n\n\n<p>Sobre a reaproxima\u00e7\u00e3o com DEM e MDB, representados, respectivamente, pelo presidente da C\u00e2mara, Rodrigo Maia (DEM-RJ), e pelo presidente nacional da segunda sigla, Romero Juc\u00e1 (RR), disse entender que \u00e9 algo necess\u00e1rio.<\/p>\n\n\n\n<p>&#8220;Estamos vivendo em um momento de extremos. Extrema-direita de um lado, extremamente radicalizada,&nbsp;intransigente e intolerante, e a mesma coisa na esquerda. E a grande&nbsp;maioria silenciosa brasileira n\u00e3o est\u00e1 em nenhuma&nbsp;dessas extremidades e precisa de um grupo pol\u00edtico que os represente&#8221;, disse Jereissati.<\/p>\n\n\n\n<p>Rompido com Alckmin na elei\u00e7\u00e3o passada, o prefeito de Manaus, Arthur Virg\u00edlio (PSDB), pregou que &#8220;o PSDB n\u00e3o pode ter dono&#8221;, &#8220;tem que redefinir identidade&#8221; e defendeu o parlamentarismo, momento em que foi aplaudido.<\/p>\n\n\n\n<p>O prefeito disse que o PSDB n\u00e3o \u00e9 mais o partido que polariza e cobrou &#8220;que nunca mais se realize elei\u00e7\u00e3o para presidente da Rep\u00fablica sem pr\u00e9vias duras&#8221; e fez autocr\u00edticas.<\/p>\n\n\n\n<p>&#8220;Que saiam daqui not\u00edcias das vaias, das diverg\u00eancias, mas que tem um jovem de valor que assume a presid\u00eancia do PSDB&#8221;, disse Virg\u00edlio.<\/p>\n\n\n\n<p>A conven\u00e7\u00e3o nacional que elegeu a nova dire\u00e7\u00e3o do PSDB foi mais modesta que as anteriores. O evento tucano foi realizado no mesmo centro onde Alckmin lan\u00e7ou sua candidatura \u00e0 Presid\u00eancia da Rep\u00fablica no ano passado, mas dessa vez n\u00e3o ocupou o sal\u00e3o principal, reservado a um congresso m\u00e9dico de catarata.<\/p>\n\n\n\n<p>Os filiados se reuniram em um sal\u00e3o no subsolo, cont\u00edguo \u00e0 garagem. O p\u00fablico se aglomerou \u00e0 frente do palco e sobraram cadeiras vazias ao fundo.<\/p>\n\n\n\n<p>NOVO PSDB<\/p>\n\n\n\n<p>Ao falar sobre o futuro do partido, que sofreu derrotas expressivas na elei\u00e7\u00e3o de 2018, Doria defende cabe\u00e7as-pretas, como s\u00e3o conhecidos os tucanos jovens, em cargos de dire\u00e7\u00e3o.<\/p>\n\n\n\n<p>Tamb\u00e9m pede rigor contra os investigados por corrup\u00e7\u00e3o, como A\u00e9cio Neves (MG), Beto Richa (PR) e Marconi Perillo (GO) -nos bastidores, aliados do governador paulista falam em tirar esses nomes da sigla.<\/p>\n\n\n\n<p>Outra bandeira de Doria \u00e9 acabar com o vi\u00e9s de esquerda do partido fundado por progressistas e que leva a social-democracia no nome.<\/p>\n\n\n\n<p>Na semana passada, Doria chegou a afirmar que quem n\u00e3o concorde com seu novo PSDB deve pedir pra sair. Fez o mesmo apelo aos enrolados em esc\u00e2ndalos de corrup\u00e7\u00e3o.<\/p>\n\n\n\n<p>O novo presidente do PSDB, assim como Doria, afirma que o partido ser\u00e1 de centro -rejeitando o que consideram extrema esquerda e extrema direita. Ambos, no entanto, colaram suas campanhas no ano passado a Jair Bolsonaro (PSL), para surfar na onda conservadora que elegeu o presidente da Rep\u00fablica.<\/p>\n\n\n\n<p>Ara\u00fajo, por\u00e9m, n\u00e3o conseguiu se eleger senador por Pernambuco. O ex-ministro das Cidades na gest\u00e3o Michel Temer (MDB) foi deputado federal por tr\u00eas mandatos seguidos desde 2006. No per\u00edodo, elevou em 454% seu patrim\u00f4nio, j\u00e1 considerando a infla\u00e7\u00e3o do per\u00edodo &#8211; ele n\u00e3o explica eventual origem da renda fora&nbsp;da pol\u00edtica, s\u00f3 diz que est\u00e1 tudo declarado no Imposto de Renda.<\/p>\n\n\n\n<p>Neste ano, Ara\u00fajo foi citado na&nbsp;dela\u00e7\u00e3o de Henrique Constantino, um dos s\u00f3cios da Gol. No anexo 7 da dela\u00e7\u00e3o, o empres\u00e1rio fala em &#8220;benef\u00edcio financeiro&#8221; a Bruno Ara\u00fajo por meio da Abear (Associa\u00e7\u00e3o Brasileira das Empresas A\u00e9reas).&nbsp;<\/p>\n\n\n\n<p>Constantino mantinha rela\u00e7\u00e3o de amizade com um antigo s\u00f3cio do tucano, o advogado pernambucano Marcos Meira, cujo escrit\u00f3rio teve contratos de presta\u00e7\u00e3o de servi\u00e7os com a Gol.&nbsp;<\/p>\n\n\n\n<p>Segundo relat\u00f3rios da Pol\u00edcia Federal na Lava Jato,&nbsp;o escrit\u00f3rio de Marcos Meira chegou a receber pelo menos R$ 11,2 milh\u00f5es da&nbsp;Odebrecht&nbsp;de 2008 a&nbsp;2014.&nbsp;<\/p>\n\n\n\n<p>O ex-deputado tamb\u00e9m foi citado na dela\u00e7\u00e3o da Odebrecht e chegou a ser investigado pelo suposto recebimento de R$ 600 mil, mas teve o inqu\u00e9rito arquivado.<\/p>\n\n\n\n<p>Em Pernambuco, Ara\u00fajo \u00e9 conhecido como um pol\u00edtico tradicional, pragm\u00e1tico e habilidoso nos bastidores. No ano passado, chegou a elogiar o ex-presidente Lula (PT), classificando o petista, cuja popularidade \u00e9 alta no Nordeste, de &#8220;presidente excepcional&#8221;.<\/p>\n\n\n\n<p>Em 2015, ganhou holofote nacional ao&nbsp;proferir o voto&nbsp;que sacramentou, na C\u00e2mara dos Deputados, a admissibilidade do impeachment da ex-presidente Dilma Rousseff (PT).<\/p>\n\n\n\n<p>Ara\u00fajo \u00e9 advogado e filho do ex-deputado estadual Eduardo Ara\u00fajo. Em 1998, aos 26 anos, foi eleito pelo PSDB o deputado estadual mais jovem de Pernambuco.<\/p>\n\n\n\n<p>BemParan\u00e1<\/p>\n","protected":false},"excerpt":{"rendered":"<p>O ex-deputado federal e ex-ministro Bruno Ara\u00fajo (PE), 47, foi eleito presidente nacional do PSDB nesta sexta-feira (31) para colocar em pr\u00e1tica as diretrizes do novo PSDB engendrado pelo governador de S\u00e3o Paulo, Jo\u00e3o Doria, principal l\u00edder do partido. Doria, que constr\u00f3i uma candidatura ao Planalto em 2022, foi recebido pela milit\u00e2ncia aos gritos de [&hellip;]<\/p>\n","protected":false},"author":2,"featured_media":12138,"comment_status":"open","ping_status":"open","sticky":false,"template":"","format":"standard","meta":{"advanced_seo_description":"","jetpack_seo_html_title":"","jetpack_seo_noindex":false,"_jetpack_memberships_contains_paid_content":false,"footnotes":""},"categories":[32],"tags":[],"class_list":{"0":"post-12137","1":"post","2":"type-post","3":"status-publish","4":"format-standard","5":"has-post-thumbnail","7":"category-politica"},"jetpack_featured_media_url":"https:\/\/www.paranapraia.com.br\/wp-content\/uploads\/2019\/05\/upi-2.jpg","jetpack_sharing_enabled":true,"_links":{"self":[{"href":"https:\/\/www.paranapraia.com.br\/index.php\/wp-json\/wp\/v2\/posts\/12137"}],"collection":[{"href":"https:\/\/www.paranapraia.com.br\/index.php\/wp-json\/wp\/v2\/posts"}],"about":[{"href":"https:\/\/www.paranapraia.com.br\/index.php\/wp-json\/wp\/v2\/types\/post"}],"author":[{"embeddable":true,"href":"https:\/\/www.paranapraia.com.br\/index.php\/wp-json\/wp\/v2\/users\/2"}],"replies":[{"embeddable":true,"href":"https:\/\/www.paranapraia.com.br\/index.php\/wp-json\/wp\/v2\/comments?post=12137"}],"version-history":[{"count":1,"href":"https:\/\/www.paranapraia.com.br\/index.php\/wp-json\/wp\/v2\/posts\/12137\/revisions"}],"predecessor-version":[{"id":12139,"href":"https:\/\/www.paranapraia.com.br\/index.php\/wp-json\/wp\/v2\/posts\/12137\/revisions\/12139"}],"wp:featuredmedia":[{"embeddable":true,"href":"https:\/\/www.paranapraia.com.br\/index.php\/wp-json\/wp\/v2\/media\/12138"}],"wp:attachment":[{"href":"https:\/\/www.paranapraia.com.br\/index.php\/wp-json\/wp\/v2\/media?parent=12137"}],"wp:term":[{"taxonomy":"category","embeddable":true,"href":"https:\/\/www.paranapraia.com.br\/index.php\/wp-json\/wp\/v2\/categories?post=12137"},{"taxonomy":"post_tag","embeddable":true,"href":"https:\/\/www.paranapraia.com.br\/index.php\/wp-json\/wp\/v2\/tags?post=12137"}],"curies":[{"name":"wp","href":"https:\/\/api.w.org\/{rel}","templated":true}]}}