{"id":12130,"date":"2019-05-31T14:40:07","date_gmt":"2019-05-31T17:40:07","guid":{"rendered":"https:\/\/www.paranapraia.com.br\/?p=12130"},"modified":"2019-05-31T14:40:09","modified_gmt":"2019-05-31T17:40:09","slug":"nao-esta-na-hora-de-termos-um-ministro-do-stf-evangelico-pergunta-bolsonaro","status":"publish","type":"post","link":"https:\/\/www.paranapraia.com.br\/index.php\/2019\/05\/31\/nao-esta-na-hora-de-termos-um-ministro-do-stf-evangelico-pergunta-bolsonaro\/","title":{"rendered":"\u2018N\u00e3o est\u00e1 na hora de termos um ministro do STF evang\u00e9lico?\u2019, pergunta Bolsonaro"},"content":{"rendered":"\n<h4 class=\"wp-block-heading\">O presidente disse ainda que a Corte legisla quando discute a possibilidade de equiparar homofobia ao crime de racismo<\/h4>\n\n\n\n<p>Durante evento em um templo da Assembleia de Deus em Goi\u00e2nia (GO), o presidente Jair Bolsonaro questionou na manh\u00e3 desta sexta-feira, 31, ao p\u00fablico presente, se n\u00e3o est\u00e1 na hora de o Supremo Tribunal Federal (STF) ter um ministro assumidamente evang\u00e9lico. O presidente disse ainda que a Corte legisla quando discute a possibilidade de equiparar homofobia ao crime de racismo.<\/p>\n\n\n\n<p>\u201cEnt\u00e3o, com todo respeito ao Supremo Tribunal Federal, uma pergunta: existe algum, entre os 11 ministros do Supremo, evang\u00e9lico, crist\u00e3o assumido?\u201d, indagou. O presidente tamb\u00e9m fez cr\u00edticas \u00e0 imprensa. \u201cN\u00e3o me venha a imprensa dizer que eu quero misturar a Justi\u00e7a com a religi\u00e3o. Todos n\u00f3s temos uma religi\u00e3o ou n\u00e3o temos. E respeitamos e tem que respeitar. Ser\u00e1 que n\u00e3o est\u00e1 na hora de termos um ministro do Supremo Tribunal Federal evang\u00e9lico?\u201d, disse. O presidente foi aplaudido em p\u00e9 por cerca de 40 segundos.<\/p>\n\n\n\n<p>\u201cO Supremo Tribunal Federal agora est\u00e1 discutindo se homofobia pode ser tipificado como racismo. Desculpe aqui o Supremo Tribunal Federal, que eu respeito e jamais atacaria outro Poder, mas, pelo que me parece, est\u00e3o legislando. E eu pergunto aos senhores: o Estado \u00e9 laico, mas eu sou crist\u00e3o\u201d, afirmou.<\/p>\n\n\n\n<p>O presidente do STF, ministro Dias Toffoli, anunciou que o julgamento sobre a criminaliza\u00e7\u00e3o da homofobia, marcado para o dia 5 de junho, dever\u00e1 ser retomado no dia 13 de junho. Seis ministros j\u00e1 votaram para que a discrimina\u00e7\u00e3o contra homossexuais, bissexuais e transexuais seja enquadrada como crime de racismo at\u00e9 o Congresso Nacional aprovar uma lei sobre o tema.<\/p>\n\n\n\n<p>As discuss\u00f5es sobre homofobia e descriminaliza\u00e7\u00e3o da maconha sofrem resist\u00eancia de setores do Congresso, entre eles a bancada evang\u00e9lica e o PSL, partido do presidente. O adiamento do julgamento ocorre em um momento em que o Supremo \u00e9 acusado de atropelar o Congresso e legislar sobre temas controversos.<\/p>\n\n\n\n<p>BandaB<\/p>\n\n\n\n<p><br><\/p>\n","protected":false},"excerpt":{"rendered":"<p>O presidente disse ainda que a Corte legisla quando discute a possibilidade de equiparar homofobia ao crime de racismo Durante evento em um templo da Assembleia de Deus em Goi\u00e2nia (GO), o presidente Jair Bolsonaro questionou na manh\u00e3 desta sexta-feira, 31, ao p\u00fablico presente, se n\u00e3o est\u00e1 na hora de o Supremo Tribunal Federal (STF) [&hellip;]<\/p>\n","protected":false},"author":2,"featured_media":12131,"comment_status":"open","ping_status":"open","sticky":false,"template":"","format":"standard","meta":{"advanced_seo_description":"","jetpack_seo_html_title":"","jetpack_seo_noindex":false,"_jetpack_memberships_contains_paid_content":false,"footnotes":""},"categories":[32],"tags":[],"class_list":{"0":"post-12130","1":"post","2":"type-post","3":"status-publish","4":"format-standard","5":"has-post-thumbnail","7":"category-politica"},"jetpack_featured_media_url":"https:\/\/www.paranapraia.com.br\/wp-content\/uploads\/2019\/05\/lixo.jpg","jetpack_sharing_enabled":true,"_links":{"self":[{"href":"https:\/\/www.paranapraia.com.br\/index.php\/wp-json\/wp\/v2\/posts\/12130"}],"collection":[{"href":"https:\/\/www.paranapraia.com.br\/index.php\/wp-json\/wp\/v2\/posts"}],"about":[{"href":"https:\/\/www.paranapraia.com.br\/index.php\/wp-json\/wp\/v2\/types\/post"}],"author":[{"embeddable":true,"href":"https:\/\/www.paranapraia.com.br\/index.php\/wp-json\/wp\/v2\/users\/2"}],"replies":[{"embeddable":true,"href":"https:\/\/www.paranapraia.com.br\/index.php\/wp-json\/wp\/v2\/comments?post=12130"}],"version-history":[{"count":1,"href":"https:\/\/www.paranapraia.com.br\/index.php\/wp-json\/wp\/v2\/posts\/12130\/revisions"}],"predecessor-version":[{"id":12132,"href":"https:\/\/www.paranapraia.com.br\/index.php\/wp-json\/wp\/v2\/posts\/12130\/revisions\/12132"}],"wp:featuredmedia":[{"embeddable":true,"href":"https:\/\/www.paranapraia.com.br\/index.php\/wp-json\/wp\/v2\/media\/12131"}],"wp:attachment":[{"href":"https:\/\/www.paranapraia.com.br\/index.php\/wp-json\/wp\/v2\/media?parent=12130"}],"wp:term":[{"taxonomy":"category","embeddable":true,"href":"https:\/\/www.paranapraia.com.br\/index.php\/wp-json\/wp\/v2\/categories?post=12130"},{"taxonomy":"post_tag","embeddable":true,"href":"https:\/\/www.paranapraia.com.br\/index.php\/wp-json\/wp\/v2\/tags?post=12130"}],"curies":[{"name":"wp","href":"https:\/\/api.w.org\/{rel}","templated":true}]}}