{"id":12124,"date":"2019-05-31T14:29:32","date_gmt":"2019-05-31T17:29:32","guid":{"rendered":"https:\/\/www.paranapraia.com.br\/?p=12124"},"modified":"2019-05-31T14:29:33","modified_gmt":"2019-05-31T17:29:33","slug":"parana-e-o-segundo-estado-mais-inovador-do-pais-e-quer-avancar","status":"publish","type":"post","link":"https:\/\/www.paranapraia.com.br\/index.php\/2019\/05\/31\/parana-e-o-segundo-estado-mais-inovador-do-pais-e-quer-avancar\/","title":{"rendered":"Paran\u00e1 \u00e9 o segundo Estado mais inovador do Pa\u00eds e quer avan\u00e7ar"},"content":{"rendered":"\n<p>O Paran\u00e1 \u00e9 o segundo Estado mais inovador do Pa\u00eds e tamb\u00e9m aparece na vice-lideran\u00e7a em investimentos em ci\u00eancia e tecnologia, atr\u00e1s apenas de S\u00e3o Paulo. \u00c9 o que revela o \u00cdndice de Inova\u00e7\u00e3o dos Estados, lan\u00e7ado neste m\u00eas pela Federa\u00e7\u00e3o das Ind\u00fastrias do Estado do Cear\u00e1 (FIEC).<\/p>\n\n\n\n<p>A pesquisa \u00e9 resultado de um balan\u00e7o de oito indicadores que medem do capital humano \u00e0 infraestrutura, partindo da capacidade de inovar para resultados concretos. Os dados foram consolidados a partir de estudos t\u00e9cnicos do Tesouro Nacional, Instituto Brasileiro de Geografia e Estat\u00edstica (IBGE), Instituto Nacional de Propriedade Intelectual (INPI), CAPES, Anatel e Minist\u00e9rio do Trabalho.<\/p>\n\n\n\n<p>No \u00edndice de 0 a 1, o Paran\u00e1 pontuou com 0,66, praticamente o dobro da m\u00e9dia nacional das 27 unidades da federa\u00e7\u00e3o, de apenas 0,35. O governador Carlos Massa Ratinho Junior avalia que os dados mostram que o Paran\u00e1 tem um ecossistema equilibrado e eficiente, fundamental para fazer a inova\u00e7\u00e3o avan\u00e7ar em todas as \u00e1reas, no setor p\u00fablico e na iniciativa privada.<\/p>\n\n\n\n<p>\u201cEste levantamento demonstra nosso potencial. Mas queremos avan\u00e7ar e ser o Estado mais inovador do Pa\u00eds\u201d, afirma o governador. Para isso, relata ele, o Governo do Estado programa investimentos robustos em infraestrutura, tecnologia no campo, capacita\u00e7\u00e3o profissional e no estabelecimento de pontes entre a produ\u00e7\u00e3o cient\u00edfica das universidades estaduais e institutos de pesquisa e as demandas do setor produtivo.<\/p>\n\n\n\n<p>Ratinho Junior destaca ainda que esteve no Vale do Sil\u00edcio, nos Estados Unidos, para aproximar o Paran\u00e1 de startups focadas em solu\u00e7\u00f5es tecnol\u00f3gicas inovadoras e que o Estado tamb\u00e9m discute parcerias com corpora\u00e7\u00f5es como a Microsoft. Ele ressalta que, al\u00e9m as universidades, estatais como a Celepar, Tecpar, Copel e Sanepar&nbsp;t\u00eam papel fundamental no fomento \u00e0 inova\u00e7\u00e3o e solu\u00e7\u00f5es tecnol\u00f3gicas.<\/p>\n\n\n\n<h2 class=\"wp-block-heading\">Capacidade<\/h2>\n\n\n\n<p>Os dados da FIEC mostram que o Paran\u00e1, com esse conjunto de ativos p\u00fablicos, que tamb\u00e9m envolve a Funda\u00e7\u00e3o Arauc\u00e1ria, \u00e9 o segundo Estado que mais investe em ci\u00eancia e tecnologia. S\u00e3o Paulo pontua com nota m\u00e1xima (1) e o Paran\u00e1 com 0,78, bem \u00e0 frente da m\u00e9dia nacional, de apenas 0,25.&nbsp;<\/p>\n\n\n\n<p>Na qualidade de p\u00f3s-gradua\u00e7\u00e3o e inser\u00e7\u00e3o de mestres e doutores na ind\u00fastria, \u00edndices que medem o capital humano, o Paran\u00e1 aparece sempre entre os primeiros dez colocados. A oferta de m\u00e3o de obra qualificada \u00e9 determinante tanto para a absor\u00e7\u00e3o de novas tecnologias, processos e modelos de neg\u00f3cios que despontam no mundo, como para estimular atividades internas de P&amp;D (Pesquisa e Desenvolvimento).<\/p>\n\n\n\n<p>Para Aldo Bona, superintendente de Ci\u00eancia,&nbsp;Tecnologia e Ensino Superior, o resultado desse estudo&nbsp;demonstra que o Estado&nbsp;encara seu sistema&nbsp;de ensino como grande ativo para o desenvolvimento. &#8220;O desafio \u00e9 fazer com que os resultados das universidades se conectem ao&nbsp;desenvolvimento regional, para que haja articula\u00e7\u00e3o com a ind\u00fastria, o&nbsp;agroneg\u00f3cio, a agricultura familiar, ou seja, com todo o setor produtivo&#8221;, aponta.<\/p>\n\n\n\n<p>O levantamento revela que o Paran\u00e1 \u00e9 segundo no \u00edndice de propriedade intelectual na ind\u00fastria, atr\u00e1s apenas de Santa Catarina e na frente do Rio Grande do Sul, o que posiciona a regi\u00e3o Sul como a maior produtora de patentes por habitantes. Os dados foram compilados a partir do banco do Instituto Nacional da Propriedade Industrial (INPI).<\/p>\n\n\n\n<p>Em rela\u00e7\u00e3o \u00e0 produ\u00e7\u00e3o cient\u00edfica, medida com publica\u00e7\u00f5es em peri\u00f3dicos especializados, o Paran\u00e1 aparece em s\u00e9timo. Na intensidade tecnol\u00f3gica da estrutura produtiva, que \u00e9 o conjunto de compet\u00eancias para produzir bens de maior complexidade, o Paran\u00e1 aparece em quinto, atr\u00e1s apenas de Amazonas, S\u00e3o Paulo, Santa Catarina e Rio Grande do Sul.<\/p>\n\n\n\n<p>No \u00edndice de competitividade global em setores tecnol\u00f3gicos, que revela que os produtos brasileiros podem aliar alta qualidade e baixo custo, o Paran\u00e1 aparece em s\u00e9timo, atr\u00e1s de S\u00e3o Paulo, Pernambuco, Amazonas, Rio Grande do Sul, Santa Catarina e Bahia. Esse indicador \u00e9 medido pela parcela das exporta\u00e7\u00f5es de alta e m\u00e9dia-alta tecnologia, e tamb\u00e9m pela diversidade das exporta\u00e7\u00f5es. Al\u00e9m de medir a inser\u00e7\u00e3o internacional de bens, \u00e9 verificado se essa inser\u00e7\u00e3o n\u00e3o est\u00e1 concentrada em pouqu\u00edssimos itens.<\/p>\n\n\n\n<h2 class=\"wp-block-heading\">Pesquisa<\/h2>\n\n\n\n<p>O \u00cdndice de Inova\u00e7\u00e3o dos Estados da FIEC \u00e9 dividido em duas \u00e1reas: capacidades e resultados. Elas avaliam tanto o ecossistema de inova\u00e7\u00e3o quanto a inova\u00e7\u00e3o em si. O conjunto de indicadores, quando postos em conjunto, constroem a base para o crescimento da competitividade e produtividade estadual. Segundo a FIEC, o estudo \u00e9 um raio-x de como cada estado se posiciona em diferentes aspectos do processo inovador. Ele ter\u00e1 periodicidade anual.<\/p>\n\n\n\n<blockquote class=\"wp-block-quote is-layout-flow wp-block-quote-is-layout-flow\"><p>O Brasil ocupa atualmente a 64\u00ba posi\u00e7\u00e3o no ranking mundial de inova\u00e7\u00e3o (<em>Global Innovation Index<\/em>), atr\u00e1s de diversos pa\u00edses em desenvolvimento como Chile (47\u00ba), M\u00e9xico (56\u00ba), \u00cdndia (57\u00ba) e \u00c1frica do Sul (58\u00ba). Al\u00e9m disso, o Pa\u00eds est\u00e1 em 58\u00ba no ranking que mede as capacidades e em 70\u00ba no ranking que mede os resultados.<\/p><\/blockquote>\n\n\n\n<h2 class=\"wp-block-heading\"><strong>Instrumentos para ampliar a inova\u00e7\u00e3o<\/strong><\/h2>\n\n\n\n<p>O Governo do Paran\u00e1 tem um conjunto de instrumentos diverso e amplo de apoio \u00e0 inova\u00e7\u00e3o de ind\u00fastrias, agroneg\u00f3cio e munic\u00edpios. O menu engloba a Fomento Paran\u00e1, o Banco Regional de Desenvolvimento do Extremo-Sul (BRDE), o Tecpar e a Funda\u00e7\u00e3o Arauc\u00e1ria, al\u00e9m de empresas p\u00fablicas, secretarias e superintend\u00eancias.<\/p>\n\n\n\n<p>A Casa Civil \u00e9 o \u00f3rg\u00e3o onde toda a estrutura p\u00fablica est\u00e1 sendo articulada. Para Guto Silva, titular da pasta, o Paran\u00e1 est\u00e1 se preparando para disputar a lideran\u00e7a na \u00e1rea. Segundo ele, o objetivo do governo paranaense \u00e9 oferecer condi\u00e7\u00f5es tornar o Estado pr\u00f3spero, forte na gera\u00e7\u00e3o de empregos e oportunidades para a popula\u00e7\u00e3o.<\/p>\n\n\n\n<p>No setor p\u00fablico, a gest\u00e3o estadual atua para ofertar servi\u00e7os \u00e1geis, de qualidade e que utilizem ferramentas tecnol\u00f3gicas. \u201cHoje temos uma pol\u00edtica espec\u00edfica para gerar mais efici\u00eancia e resultados \u00e0 gest\u00e3o p\u00fablica. Inova\u00e7\u00e3o \u00e9 isso. S\u00f3 acontece de fato quando produz riqueza, prosperidade, emprego e solu\u00e7\u00f5es para a popula\u00e7\u00e3o\u201d, destaca.<\/p>\n\n\n\n<h2 class=\"wp-block-heading\">Fomento<\/h2>\n\n\n\n<p>Na \u00e1rea privada, uma das portas de entrada de incentivo aos neg\u00f3cios inovadores \u00e9 a Fomento Paran\u00e1, ag\u00eancia que tem como fun\u00e7\u00e3o oferecer cr\u00e9dito para empres\u00e1rios. A Fomento Paran\u00e1 participa como cotista em dois fundos de investimento, Criatec3 e Sul Inova\u00e7\u00e3o, que t\u00eam foco em empresas inovadoras de setores voltados \u00e0 tecnologia e com alto potencial de crescimento e lucro.<\/p>\n\n\n\n<p>O BRDE busca fortalecer a inova\u00e7\u00e3o no ambiente produtivo na Regi\u00e3o Sul mediante financiamentos de longo prazo para empresas e projetos inovadores com juros, condi\u00e7\u00f5es, tarifas e acompanhamento diferenciado. S\u00e3o apoiados projetos inovadores em produto, processo ou modelo de neg\u00f3cio (Inovacred), projetos de empresas com hist\u00f3rico inovador (MPME Inovadora) e empresas em est\u00e1gio inicial com perfil inovador.<\/p>\n\n\n\n<p>A Funda\u00e7\u00e3o Arauc\u00e1ria de Apoio ao Desenvolvimento Cient\u00edfico e Tecnol\u00f3gico olha para o desenvolvimento social, econ\u00f4mico e ambiental do Estado por meio de investimentos em ci\u00eancia, tecnologia e inova\u00e7\u00e3o. Ela \u00e9 uma das 26 funda\u00e7\u00f5es estaduais de amparo \u00e0 pesquisa do Brasil. Seus projetos s\u00e3o direcionados a partir de tr\u00eas grandes eixos estrat\u00e9gicos: fomento \u00e0 pesquisa cient\u00edfica e tecnol\u00f3gica; verticaliza\u00e7\u00e3o do ensino superior e forma\u00e7\u00e3o de pesquisadores; e dissemina\u00e7\u00e3o da pesquisa cient\u00edfica e tecnol\u00f3gica.<\/p>\n\n\n\n<p>O Instituto de Tecnologia do Paran\u00e1 (Tecpar) conta com iniciativas para apoiar o empreendedorismo tecnol\u00f3gico inovador, com a Incubadora Tecnol\u00f3gica do Tecpar (Intec), que j\u00e1 apoiou mais de 100 neg\u00f3cios ao longo de sua hist\u00f3ria, e, mais recentemente, o Parque Tecnol\u00f3gico do Tecpar em Maring\u00e1, cujo edital foi&nbsp;lan\u00e7ado em maio pelo governador Carlos Massa Ratinho Junior.<\/p>\n\n\n\n<p>Esta iniciativa prev\u00ea o chamamento de empresas de base tecnol\u00f3gica para o local, que estar\u00e1 dispon\u00edvel para que companhias brasileiras e estrangeiras tragam, em um mesmo ambiente, possibilidades m\u00faltiplas de industrializa\u00e7\u00e3o, mas tamb\u00e9m abre espa\u00e7o&nbsp;para outros setores, como sa\u00fade, energia e engenharia.<\/p>\n\n\n\n<p>Para dar salvaguarda a todo esse ciclo e ampliar a participa\u00e7\u00e3o dos cidad\u00e3os, o governador Ratinho Junior tamb\u00e9m criou um Comit\u00ea de Pol\u00edtica Digital para definir pol\u00edticas para aperfei\u00e7oar a presta\u00e7\u00e3o de servi\u00e7os p\u00fablicos estaduais.<\/p>\n\n\n\n<p>MassaNews<\/p>\n","protected":false},"excerpt":{"rendered":"<p>O Paran\u00e1 \u00e9 o segundo Estado mais inovador do Pa\u00eds e tamb\u00e9m aparece na vice-lideran\u00e7a em investimentos em ci\u00eancia e tecnologia, atr\u00e1s apenas de S\u00e3o Paulo. \u00c9 o que revela o \u00cdndice de Inova\u00e7\u00e3o dos Estados, lan\u00e7ado neste m\u00eas pela Federa\u00e7\u00e3o das Ind\u00fastrias do Estado do Cear\u00e1 (FIEC). A pesquisa \u00e9 resultado de um balan\u00e7o [&hellip;]<\/p>\n","protected":false},"author":2,"featured_media":12125,"comment_status":"open","ping_status":"open","sticky":false,"template":"","format":"standard","meta":{"advanced_seo_description":"","jetpack_seo_html_title":"","jetpack_seo_noindex":false,"_jetpack_memberships_contains_paid_content":false,"footnotes":""},"categories":[40],"tags":[],"class_list":{"0":"post-12124","1":"post","2":"type-post","3":"status-publish","4":"format-standard","5":"has-post-thumbnail","7":"category-destaques"},"jetpack_featured_media_url":"https:\/\/www.paranapraia.com.br\/wp-content\/uploads\/2019\/05\/uiy.jpg","jetpack_sharing_enabled":true,"_links":{"self":[{"href":"https:\/\/www.paranapraia.com.br\/index.php\/wp-json\/wp\/v2\/posts\/12124"}],"collection":[{"href":"https:\/\/www.paranapraia.com.br\/index.php\/wp-json\/wp\/v2\/posts"}],"about":[{"href":"https:\/\/www.paranapraia.com.br\/index.php\/wp-json\/wp\/v2\/types\/post"}],"author":[{"embeddable":true,"href":"https:\/\/www.paranapraia.com.br\/index.php\/wp-json\/wp\/v2\/users\/2"}],"replies":[{"embeddable":true,"href":"https:\/\/www.paranapraia.com.br\/index.php\/wp-json\/wp\/v2\/comments?post=12124"}],"version-history":[{"count":1,"href":"https:\/\/www.paranapraia.com.br\/index.php\/wp-json\/wp\/v2\/posts\/12124\/revisions"}],"predecessor-version":[{"id":12126,"href":"https:\/\/www.paranapraia.com.br\/index.php\/wp-json\/wp\/v2\/posts\/12124\/revisions\/12126"}],"wp:featuredmedia":[{"embeddable":true,"href":"https:\/\/www.paranapraia.com.br\/index.php\/wp-json\/wp\/v2\/media\/12125"}],"wp:attachment":[{"href":"https:\/\/www.paranapraia.com.br\/index.php\/wp-json\/wp\/v2\/media?parent=12124"}],"wp:term":[{"taxonomy":"category","embeddable":true,"href":"https:\/\/www.paranapraia.com.br\/index.php\/wp-json\/wp\/v2\/categories?post=12124"},{"taxonomy":"post_tag","embeddable":true,"href":"https:\/\/www.paranapraia.com.br\/index.php\/wp-json\/wp\/v2\/tags?post=12124"}],"curies":[{"name":"wp","href":"https:\/\/api.w.org\/{rel}","templated":true}]}}