{"id":12119,"date":"2019-05-31T14:27:20","date_gmt":"2019-05-31T17:27:20","guid":{"rendered":"https:\/\/www.paranapraia.com.br\/?p=12119"},"modified":"2019-05-31T14:27:24","modified_gmt":"2019-05-31T17:27:24","slug":"caso-andrei-video-mostra-jornalista-dando-a-re-em-veiculo-para-fugir-da-pm","status":"publish","type":"post","link":"https:\/\/www.paranapraia.com.br\/index.php\/2019\/05\/31\/caso-andrei-video-mostra-jornalista-dando-a-re-em-veiculo-para-fugir-da-pm\/","title":{"rendered":"Caso Andrei: V\u00eddeo mostra jornalista dando a r\u00e9 em ve\u00edculo para fugir da PM"},"content":{"rendered":"\n<figure class=\"wp-block-embed-youtube wp-block-embed is-type-video is-provider-youtube wp-embed-aspect-16-9 wp-has-aspect-ratio\"><div class=\"wp-block-embed__wrapper\">\n<div class=\"youtube-embed\" data-video_id=\"jnv5zXZs0RM\"><iframe loading=\"lazy\" title=\"V\u00eddeo mostra jornalista dando a r\u00e9 em ve\u00edculo para fugir da PM\" width=\"696\" height=\"392\" src=\"https:\/\/www.youtube.com\/embed\/jnv5zXZs0RM?feature=oembed&#038;enablejsapi=1&#038;enablejsapi=1\" frameborder=\"0\" allow=\"accelerometer; autoplay; encrypted-media; gyroscope; picture-in-picture\" allowfullscreen><\/iframe><\/div>\n<\/div><\/figure>\n\n\n\n<p>Novas imagens de c\u00e2mera de seguran\u00e7a mostram o momento em que o jornalista Andrei Gustavo Orsini Francisquini, morto em uma abordagem policial, tenta escapar da Pol\u00edcia Militar (PM). A situa\u00e7\u00e3o aconteceu no dia 12 de maio, na Pra\u00e7a da Espanha, em Curitiba, e o jornalista foi atingido por seis disparos. <\/p>\n\n\n\n<p>Andrei, de 35 anos, dirigia um ve\u00edculo modelo Chevrolet Corsa de cor branca. A grava\u00e7\u00e3o mostra a viatura da PM se aproximando do carro em que est\u00e1 o homem. Em seguida, o jornalista d\u00e1 a r\u00e9 bruscamente, bate contra outro ve\u00edculo, que estava estacionado, e foge.<\/p>\n\n\n\n<p>De acordo com a primeira nota da PM, divulgada no dia 13 de maio, a atitude de Andrei fez com que os policiais atirassem contra o pneu do ve\u00edculo, com o intuito de par\u00e1-lo. \u201cJ\u00e1 na rua Fernando Simas o ve\u00edculo parou, a equipe tentou nova abordagem, mas ele n\u00e3o acatou e engatou marcha \u00e0 r\u00e9 e quase atropelou os policiais. Ele tamb\u00e9m bateu em um ve\u00edculo gol que estava estacionado. A equipe policial atirou no pneu do carro na tentativa de par\u00e1-lo, mas ele continuou avan\u00e7ando contra os policiais, que atiraram novamente\u201d, informou a nota.<\/p>\n\n\n\n<p> A equipe, por\u00e9m, aparece em outra imagem atirando contra o carro do jornalista antes mesmo de dar in\u00edcio \u00e0 persegui\u00e7\u00e3o, ainda na Avenida Vicente Machado. O laudo do Instituto de Criminal\u00edstica apontou que Andrei foi atingido por seis disparos. O jornalista tinha les\u00f5es no bra\u00e7o direito, nas costas, no ombro direito, na coxa esquerda e na parte direita do peito. <\/p>\n\n\n\n<p> De acordo com a PM, uma pistola 9mm foi encontrada no colo do jornalista \u2013 o que foi confrontado por familiares. <\/p>\n\n\n\n<p>MassaNews<\/p>\n","protected":false},"excerpt":{"rendered":"<p>Novas imagens de c\u00e2mera de seguran\u00e7a mostram o momento em que o jornalista Andrei Gustavo Orsini Francisquini, morto em uma abordagem policial, tenta escapar da Pol\u00edcia Militar (PM). A situa\u00e7\u00e3o aconteceu no dia 12 de maio, na Pra\u00e7a da Espanha, em Curitiba, e o jornalista foi atingido por seis disparos. Andrei, de 35 anos, dirigia [&hellip;]<\/p>\n","protected":false},"author":2,"featured_media":0,"comment_status":"open","ping_status":"open","sticky":false,"template":"","format":"standard","meta":{"advanced_seo_description":"","jetpack_seo_html_title":"","jetpack_seo_noindex":false,"_jetpack_memberships_contains_paid_content":false,"footnotes":""},"categories":[33],"tags":[],"class_list":{"0":"post-12119","1":"post","2":"type-post","3":"status-publish","4":"format-standard","6":"category-policia"},"jetpack_featured_media_url":"","jetpack_sharing_enabled":true,"_links":{"self":[{"href":"https:\/\/www.paranapraia.com.br\/index.php\/wp-json\/wp\/v2\/posts\/12119"}],"collection":[{"href":"https:\/\/www.paranapraia.com.br\/index.php\/wp-json\/wp\/v2\/posts"}],"about":[{"href":"https:\/\/www.paranapraia.com.br\/index.php\/wp-json\/wp\/v2\/types\/post"}],"author":[{"embeddable":true,"href":"https:\/\/www.paranapraia.com.br\/index.php\/wp-json\/wp\/v2\/users\/2"}],"replies":[{"embeddable":true,"href":"https:\/\/www.paranapraia.com.br\/index.php\/wp-json\/wp\/v2\/comments?post=12119"}],"version-history":[{"count":1,"href":"https:\/\/www.paranapraia.com.br\/index.php\/wp-json\/wp\/v2\/posts\/12119\/revisions"}],"predecessor-version":[{"id":12120,"href":"https:\/\/www.paranapraia.com.br\/index.php\/wp-json\/wp\/v2\/posts\/12119\/revisions\/12120"}],"wp:attachment":[{"href":"https:\/\/www.paranapraia.com.br\/index.php\/wp-json\/wp\/v2\/media?parent=12119"}],"wp:term":[{"taxonomy":"category","embeddable":true,"href":"https:\/\/www.paranapraia.com.br\/index.php\/wp-json\/wp\/v2\/categories?post=12119"},{"taxonomy":"post_tag","embeddable":true,"href":"https:\/\/www.paranapraia.com.br\/index.php\/wp-json\/wp\/v2\/tags?post=12119"}],"curies":[{"name":"wp","href":"https:\/\/api.w.org\/{rel}","templated":true}]}}