{"id":12113,"date":"2019-05-31T14:24:09","date_gmt":"2019-05-31T17:24:09","guid":{"rendered":"https:\/\/www.paranapraia.com.br\/?p=12113"},"modified":"2019-05-31T14:24:10","modified_gmt":"2019-05-31T17:24:10","slug":"policia-recupera-25-toneladas-de-carne-roubada-no-fazendinha","status":"publish","type":"post","link":"https:\/\/www.paranapraia.com.br\/index.php\/2019\/05\/31\/policia-recupera-25-toneladas-de-carne-roubada-no-fazendinha\/","title":{"rendered":"Pol\u00edcia recupera 2,5 toneladas de carne roubada no Fazendinha"},"content":{"rendered":"\n<p>A Pol\u00edcia Civil apreendeu 2,5 toneladas de carne roubada na madrugada desta sexta-feira (31), em um barrac\u00e3o no bairro Fazendinha, em Curitiba. O caminh\u00e3o com a carga foi roubado na tarde desta quinta-feira (30), em um assalto no Contorno Sul, e o motorista foi mantido em c\u00e1rcere privado.<\/p>\n\n\n\n<p>O delegado C\u00e1ssio Concei\u00e7\u00e3o, respons\u00e1vel pelo caso, contou que a Delegacia de Furtos e Roubos de Cargas recebeu uma den\u00fancia an\u00f4nima no fim da noite desta quinta-feira, e localizou o barrac\u00e3o com a carne roubada. \u201cO motorista foi rendido no Contorno Sul, deixaram ele um tempo em c\u00e1rcere privado, pegaram o caminh\u00e3o e fizeram o transbordo da carga at\u00e9 essa c\u00e2mara fria do barrac\u00e3o\u201d, disse.<\/p>\n\n\n\n<p>De acordo com o delegado, a mercadoria seria revendida por um pre\u00e7o mais baixo. \u201cEles vendiam para mercados e a\u00e7ougues da regi\u00e3o, sem nota e de forma mais barata. Como a informa\u00e7\u00e3o chegou rapidamente, conseguimos encontrar a carga quase que na \u00edntegra\u201d, afirmou.<\/p>\n\n\n\n<p>Um caminh\u00e3o tamb\u00e9m foi recuperado.<\/p>\n\n\n\n<p>MassaNews<\/p>\n","protected":false},"excerpt":{"rendered":"<p>A Pol\u00edcia Civil apreendeu 2,5 toneladas de carne roubada na madrugada desta sexta-feira (31), em um barrac\u00e3o no bairro Fazendinha, em Curitiba. O caminh\u00e3o com a carga foi roubado na tarde desta quinta-feira (30), em um assalto no Contorno Sul, e o motorista foi mantido em c\u00e1rcere privado. O delegado C\u00e1ssio Concei\u00e7\u00e3o, respons\u00e1vel pelo caso, [&hellip;]<\/p>\n","protected":false},"author":2,"featured_media":12114,"comment_status":"open","ping_status":"open","sticky":false,"template":"","format":"standard","meta":{"advanced_seo_description":"","jetpack_seo_html_title":"","jetpack_seo_noindex":false,"_jetpack_memberships_contains_paid_content":false,"footnotes":""},"categories":[33],"tags":[],"class_list":{"0":"post-12113","1":"post","2":"type-post","3":"status-publish","4":"format-standard","5":"has-post-thumbnail","7":"category-policia"},"jetpack_featured_media_url":"https:\/\/www.paranapraia.com.br\/wp-content\/uploads\/2019\/05\/friboi.jpeg","jetpack_sharing_enabled":true,"_links":{"self":[{"href":"https:\/\/www.paranapraia.com.br\/index.php\/wp-json\/wp\/v2\/posts\/12113"}],"collection":[{"href":"https:\/\/www.paranapraia.com.br\/index.php\/wp-json\/wp\/v2\/posts"}],"about":[{"href":"https:\/\/www.paranapraia.com.br\/index.php\/wp-json\/wp\/v2\/types\/post"}],"author":[{"embeddable":true,"href":"https:\/\/www.paranapraia.com.br\/index.php\/wp-json\/wp\/v2\/users\/2"}],"replies":[{"embeddable":true,"href":"https:\/\/www.paranapraia.com.br\/index.php\/wp-json\/wp\/v2\/comments?post=12113"}],"version-history":[{"count":1,"href":"https:\/\/www.paranapraia.com.br\/index.php\/wp-json\/wp\/v2\/posts\/12113\/revisions"}],"predecessor-version":[{"id":12115,"href":"https:\/\/www.paranapraia.com.br\/index.php\/wp-json\/wp\/v2\/posts\/12113\/revisions\/12115"}],"wp:featuredmedia":[{"embeddable":true,"href":"https:\/\/www.paranapraia.com.br\/index.php\/wp-json\/wp\/v2\/media\/12114"}],"wp:attachment":[{"href":"https:\/\/www.paranapraia.com.br\/index.php\/wp-json\/wp\/v2\/media?parent=12113"}],"wp:term":[{"taxonomy":"category","embeddable":true,"href":"https:\/\/www.paranapraia.com.br\/index.php\/wp-json\/wp\/v2\/categories?post=12113"},{"taxonomy":"post_tag","embeddable":true,"href":"https:\/\/www.paranapraia.com.br\/index.php\/wp-json\/wp\/v2\/tags?post=12113"}],"curies":[{"name":"wp","href":"https:\/\/api.w.org\/{rel}","templated":true}]}}