{"id":12109,"date":"2019-05-31T13:52:09","date_gmt":"2019-05-31T16:52:09","guid":{"rendered":"https:\/\/www.paranapraia.com.br\/?p=12109"},"modified":"2019-05-31T13:52:12","modified_gmt":"2019-05-31T16:52:12","slug":"ex-vereador-e-diarista-sao-presos-suspeitos-de-estuprarem-crianca-de-11-anos","status":"publish","type":"post","link":"https:\/\/www.paranapraia.com.br\/index.php\/2019\/05\/31\/ex-vereador-e-diarista-sao-presos-suspeitos-de-estuprarem-crianca-de-11-anos\/","title":{"rendered":"Ex-vereador e diarista s\u00e3o presos suspeitos de estuprarem crian\u00e7a de 11 anos"},"content":{"rendered":"\n<p>Um ex-vereador de Rio Branco do Sul, de 46 anos, e uma diarista, de 31 anos, que trabalhava na casa do pol\u00edtico, foram presos nesta quinta-feira (30), em cumprimento a mandados de pris\u00e3o preventiva por estupro de vulner\u00e1vel. Os suspeitos teriam estuprado e abusado sexualmente de uma crian\u00e7a de apenas 11 anos, no dia 14 de maio deste ano.<\/p>\n\n\n\n<p>De acordo com a Pol\u00edcia Civil, a mulher teria levado a v\u00edtima at\u00e9 a casa do ex-vereador, onde trabalhava como diarista, durante a tarde. No local, o homem teria estuprado a crian\u00e7a com a ajuda e a participa\u00e7\u00e3o da mulher, que teria segurado os bra\u00e7os da v\u00edtima durante os abusos. Depois do crime, as investiga\u00e7\u00f5es apontam que o ex-vereador teria dado dinheiro para a crian\u00e7a.<\/p>\n\n\n\n<p>Os dois suspeitos foram presos e encaminhados para a carceragem da delegacia de Rio Branco do Sul, onde permanecem detidos.<\/p>\n\n\n\n<h2 class=\"wp-block-heading\">Atualiza\u00e7\u00e3o<\/h2>\n\n\n\n<p>O delegado Rafael Bacelar, respons\u00e1vel pelo caso, relatou que as investiga\u00e7\u00f5es come\u00e7aram ap\u00f3s a m\u00e3e da v\u00edtima procurar a delegacia. &#8220;Ela contou que a filha, de 11 anos, teria relatado a ela estes abusos sexuais, que teriam sido praticados por esse homem, com ajuda efetiva da mulher, que era diarista na casa dele&#8221;, disse. De acordo com o delegado, a mulher n\u00e3o tem rela\u00e7\u00e3o nenhuma com a crian\u00e7a e, provavelmente, teria abordado a v\u00edtima na rua. &#8220;As crian\u00e7as acabam passando a tarde na rua, brincando, ent\u00e3o \u00e9 poss\u00edvel que ela tenha se aproveitado desse fato e, assim, tenha providenciado o aliciamento dessa v\u00edtima&#8221;, explicou.<\/p>\n\n\n\n<p>Bacelar afirmou que, em conversa informal com os suspeitos, a diarista confirmou que os abusos aconteceram, mas disse que tentou impedir o ex-vereador. &#8220;Ela relatou que n\u00e3o teve participa\u00e7\u00e3o e que, inclusive, teria tentado impedir e parar aquele ato&#8221;. O caso segue sendo investigado.<\/p>\n\n\n\n<p>Colabora\u00e7\u00e3o Juliana Rodrigues\/ Rede Massa &nbsp;<a href=\"https:\/\/api.whatsapp.com\/send?text=Ex-vereador%20e%20diarista%20s%C3%A3o%20presos%20suspeitos%20de%20estuprarem%20crian%C3%A7a%20https%3a%2f%2fmassanews.com%2fnoticias%2fplantao%2fex-vereador-e-diarista-sao-presos-suspeitos-de-estuprarem-crianca-de-11-anos-YJ92p.html%3futm_source%3dwhatsapp%26utm_medium%3dshare%26utm_content%3dnoticias__plantao%26utm_campaign%3dex-vereador-e-diarista-sao-presos-suspeitos-de-estuprarem-crianca-de-11-anos-YJ92p\" target=\"_blank\" rel=\"noreferrer noopener\"><br>\n\n<\/a><\/p>\n","protected":false},"excerpt":{"rendered":"<p>Um ex-vereador de Rio Branco do Sul, de 46 anos, e uma diarista, de 31 anos, que trabalhava na casa do pol\u00edtico, foram presos nesta quinta-feira (30), em cumprimento a mandados de pris\u00e3o preventiva por estupro de vulner\u00e1vel. Os suspeitos teriam estuprado e abusado sexualmente de uma crian\u00e7a de apenas 11 anos, no dia 14 [&hellip;]<\/p>\n","protected":false},"author":2,"featured_media":12110,"comment_status":"open","ping_status":"open","sticky":false,"template":"","format":"standard","meta":{"advanced_seo_description":"","jetpack_seo_html_title":"","jetpack_seo_noindex":false,"_jetpack_memberships_contains_paid_content":false,"footnotes":""},"categories":[33],"tags":[],"class_list":{"0":"post-12109","1":"post","2":"type-post","3":"status-publish","4":"format-standard","5":"has-post-thumbnail","7":"category-policia"},"jetpack_featured_media_url":"https:\/\/www.paranapraia.com.br\/wp-content\/uploads\/2019\/05\/ex.jpeg","jetpack_sharing_enabled":true,"_links":{"self":[{"href":"https:\/\/www.paranapraia.com.br\/index.php\/wp-json\/wp\/v2\/posts\/12109"}],"collection":[{"href":"https:\/\/www.paranapraia.com.br\/index.php\/wp-json\/wp\/v2\/posts"}],"about":[{"href":"https:\/\/www.paranapraia.com.br\/index.php\/wp-json\/wp\/v2\/types\/post"}],"author":[{"embeddable":true,"href":"https:\/\/www.paranapraia.com.br\/index.php\/wp-json\/wp\/v2\/users\/2"}],"replies":[{"embeddable":true,"href":"https:\/\/www.paranapraia.com.br\/index.php\/wp-json\/wp\/v2\/comments?post=12109"}],"version-history":[{"count":1,"href":"https:\/\/www.paranapraia.com.br\/index.php\/wp-json\/wp\/v2\/posts\/12109\/revisions"}],"predecessor-version":[{"id":12111,"href":"https:\/\/www.paranapraia.com.br\/index.php\/wp-json\/wp\/v2\/posts\/12109\/revisions\/12111"}],"wp:featuredmedia":[{"embeddable":true,"href":"https:\/\/www.paranapraia.com.br\/index.php\/wp-json\/wp\/v2\/media\/12110"}],"wp:attachment":[{"href":"https:\/\/www.paranapraia.com.br\/index.php\/wp-json\/wp\/v2\/media?parent=12109"}],"wp:term":[{"taxonomy":"category","embeddable":true,"href":"https:\/\/www.paranapraia.com.br\/index.php\/wp-json\/wp\/v2\/categories?post=12109"},{"taxonomy":"post_tag","embeddable":true,"href":"https:\/\/www.paranapraia.com.br\/index.php\/wp-json\/wp\/v2\/tags?post=12109"}],"curies":[{"name":"wp","href":"https:\/\/api.w.org\/{rel}","templated":true}]}}