{"id":12105,"date":"2019-05-31T13:44:23","date_gmt":"2019-05-31T16:44:23","guid":{"rendered":"https:\/\/www.paranapraia.com.br\/?p=12105"},"modified":"2019-05-31T13:44:24","modified_gmt":"2019-05-31T16:44:24","slug":"secretaria-de-estado-da-seguranca-publica-tera-novo-titular","status":"publish","type":"post","link":"https:\/\/www.paranapraia.com.br\/index.php\/2019\/05\/31\/secretaria-de-estado-da-seguranca-publica-tera-novo-titular\/","title":{"rendered":"Secretaria de Estado da Seguran\u00e7a P\u00fablica ter\u00e1 novo titular"},"content":{"rendered":"\n<p>O governador Carlos Massa Ratinho Junior indicou o coronel do Ex\u00e9rcito R\u00f4mulo Marinho Soares para assumir a Secretaria da Seguran\u00e7a P\u00fablica. O militar substitui o general Luiz Felipe Kraemer Carbonell, que deixa as fun\u00e7\u00f5es no Governo do Estado para a assumir a diretoria de Coordena\u00e7\u00e3o da Itaipu Binacional. A escolha foi anunciada nesta quinta-feira (30).<\/p>\n\n\n\n<p>Ratinho Junior explica que avalizou a decis\u00e3o de Carbonell de assumir a nova fun\u00e7\u00e3o e que a troca de comando n\u00e3o altera o trabalho que vem sendo realizado na \u00e1rea de seguran\u00e7a. O governador afirmou que a atual estrutura organizacional ser\u00e1 mantida em todos os \u00f3rg\u00e3os que comp\u00f5em a pasta, apontando que o trabalho da equipe contribuiu para a redu\u00e7\u00e3o da criminalidade no Estado.<\/p>\n\n\n\n<p>O registro de ocorr\u00eancias de homic\u00eddios dolosos, que \u00e9 o principal indicador da seguran\u00e7a p\u00fablica, caiu 32% no Paran\u00e1 em 2019. Dos 399 munic\u00edpios paranaenses, 271 (68%) n\u00e3o registraram este tipo de crime durante o primeiro trimestre deste ano. Nos 128 munic\u00edpios restantes, 67 tiveram apenas um caso.<\/p>\n\n\n\n<p>O governador elogiou o empenho do general Carbonell \u00e0 frente da seguran\u00e7a p\u00fablica e afirmou que dar\u00e1 total apoio ao ex-secret\u00e1rio na nova tarefa. \u201c\u00c9 importante termos a presen\u00e7a de um paranaense na gest\u00e3o da Itaipu. Isso contribui para ampliar a boa rela\u00e7\u00e3o que temos com a empresa e permitir\u00e1 desenvolvermos projetos conjuntos em favor da sociedade\u201d, destacou Ratinho Junior.<\/p>\n\n\n\n<h2 class=\"wp-block-heading\">Coronel Marinho<\/h2>\n\n\n\n<p>O novo titular da Seguran\u00e7a P\u00fablica e Administra\u00e7\u00e3o Penitenci\u00e1ria \u00e9 coronel reformado do Ex\u00e9rcito e j\u00e1 integra a equipe de governo, atuando na \u00e1rea de gest\u00e3o e intelig\u00eancia. Atualmente, lotado no gabinete do governador Ratinho Junior como assessor para assuntos de Seguran\u00e7a P\u00fablica.<\/p>\n\n\n\n<p>Ele assegurou a continuidade do trabalho realizado pelo general Luiz Felipe Kraemer Carbonell. \u201cRecebi com orgulho o convite e vamos trabalhar seguindo as determina\u00e7\u00f5es do governador Ratinho Junior de refor\u00e7ar o combate \u00e0 criminalidade, atuando com for\u00e7a, planejamento e intelig\u00eancia, para reduzir os \u00edndices \u00e0s menores taxas poss\u00edveis\u201d, afirmou o coronel Marinho.<\/p>\n\n\n\n<h2 class=\"wp-block-heading\">Hist\u00f3rico<\/h2>\n\n\n\n<p>R\u00f4mulo Marinho Soares \u00e9 da turma de oficiais da Academia Militar das Agulhas Negras (AMAN) de 1986. Tem mestrado em Ci\u00eancias Militares pela Escola de Aperfei\u00e7oamento de Oficiais (1994), mestrado em Engenharia de Produ\u00e7\u00e3o pela Universidade Federal de Santa Catarina (2002).<\/p>\n\n\n\n<p>Fez especializa\u00e7\u00e3o em Gest\u00e3o de Assessoramento de Grandes Comandos Militares pela Escola de Comando e Estado-Maior do Ex\u00e9rcito (2010) e atuou nas \u00e1reas de administra\u00e7\u00e3o e log\u00edstica, educa\u00e7\u00e3o e cultura, assist\u00eancia social.<\/p>\n\n\n\n<p>Foi coordenador das atividades do Ex\u00e9rcito relacionadas \u00e0 Copa do Mundo de 2014, nas sedes Curitiba e Foz do Igua\u00e7u, al\u00e9m de assessor institucional e parlamentar da 5\u00aa Divis\u00e3o de Ex\u00e9rcito, respons\u00e1vel pela articula\u00e7\u00e3o pol\u00edtica do Ex\u00e9rcito nos estados do Paran\u00e1 e Santa Catarina.<\/p>\n\n\n\n<p>Colabora\u00e7\u00e3o AEN<a href=\"https:\/\/api.whatsapp.com\/send?text=Secretaria%20de%20Estado%20da%20Seguran%C3%A7a%20P%C3%BAblica%20ter%C3%A1%20novo%20titular%20https%3a%2f%2fmassanews.com%2fnoticias%2fpolitica%2fsecretaria-de-estado-da-seguranca-publica-tera-novo-titular-eeDJ7.html%3futm_source%3dwhatsapp%26utm_medium%3dshare%26utm_content%3dnoticias__politica%26utm_campaign%3dsecretaria-de-estado-da-seguranca-publica-tera-novo-titular-eeDJ7\" target=\"_blank\" rel=\"noreferrer noopener\"><br>\n\n<\/a><\/p>\n","protected":false},"excerpt":{"rendered":"<p>O governador Carlos Massa Ratinho Junior indicou o coronel do Ex\u00e9rcito R\u00f4mulo Marinho Soares para assumir a Secretaria da Seguran\u00e7a P\u00fablica. O militar substitui o general Luiz Felipe Kraemer Carbonell, que deixa as fun\u00e7\u00f5es no Governo do Estado para a assumir a diretoria de Coordena\u00e7\u00e3o da Itaipu Binacional. A escolha foi anunciada nesta quinta-feira (30). [&hellip;]<\/p>\n","protected":false},"author":2,"featured_media":12106,"comment_status":"open","ping_status":"open","sticky":false,"template":"","format":"standard","meta":{"advanced_seo_description":"","jetpack_seo_html_title":"","jetpack_seo_noindex":false,"_jetpack_memberships_contains_paid_content":false,"footnotes":""},"categories":[40],"tags":[],"class_list":{"0":"post-12105","1":"post","2":"type-post","3":"status-publish","4":"format-standard","5":"has-post-thumbnail","7":"category-destaques"},"jetpack_featured_media_url":"https:\/\/www.paranapraia.com.br\/wp-content\/uploads\/2019\/05\/secr.jpg","jetpack_sharing_enabled":true,"_links":{"self":[{"href":"https:\/\/www.paranapraia.com.br\/index.php\/wp-json\/wp\/v2\/posts\/12105"}],"collection":[{"href":"https:\/\/www.paranapraia.com.br\/index.php\/wp-json\/wp\/v2\/posts"}],"about":[{"href":"https:\/\/www.paranapraia.com.br\/index.php\/wp-json\/wp\/v2\/types\/post"}],"author":[{"embeddable":true,"href":"https:\/\/www.paranapraia.com.br\/index.php\/wp-json\/wp\/v2\/users\/2"}],"replies":[{"embeddable":true,"href":"https:\/\/www.paranapraia.com.br\/index.php\/wp-json\/wp\/v2\/comments?post=12105"}],"version-history":[{"count":1,"href":"https:\/\/www.paranapraia.com.br\/index.php\/wp-json\/wp\/v2\/posts\/12105\/revisions"}],"predecessor-version":[{"id":12107,"href":"https:\/\/www.paranapraia.com.br\/index.php\/wp-json\/wp\/v2\/posts\/12105\/revisions\/12107"}],"wp:featuredmedia":[{"embeddable":true,"href":"https:\/\/www.paranapraia.com.br\/index.php\/wp-json\/wp\/v2\/media\/12106"}],"wp:attachment":[{"href":"https:\/\/www.paranapraia.com.br\/index.php\/wp-json\/wp\/v2\/media?parent=12105"}],"wp:term":[{"taxonomy":"category","embeddable":true,"href":"https:\/\/www.paranapraia.com.br\/index.php\/wp-json\/wp\/v2\/categories?post=12105"},{"taxonomy":"post_tag","embeddable":true,"href":"https:\/\/www.paranapraia.com.br\/index.php\/wp-json\/wp\/v2\/tags?post=12105"}],"curies":[{"name":"wp","href":"https:\/\/api.w.org\/{rel}","templated":true}]}}