{"id":12083,"date":"2019-05-31T13:17:14","date_gmt":"2019-05-31T16:17:14","guid":{"rendered":"https:\/\/www.paranapraia.com.br\/?p=12083"},"modified":"2019-05-31T13:17:14","modified_gmt":"2019-05-31T16:17:14","slug":"alunos-de-pontal-do-parana-visitam-museu-oscar-niemeyer","status":"publish","type":"post","link":"https:\/\/www.paranapraia.com.br\/index.php\/2019\/05\/31\/alunos-de-pontal-do-parana-visitam-museu-oscar-niemeyer\/","title":{"rendered":"Alunos de Pontal do Paran\u00e1 visitam museu Oscar Niemeyer"},"content":{"rendered":"\n<p>\n\nO Departamento de Cultura de Pontal do Paran\u00e1 realizou nesta semana, uma visita com os alunos do Teatro e do Coral Infanto Juvenil at\u00e9 o Museu Oscar Niemeyer, em Curitiba.<\/p>\n\n\n\n<p>O museu abriga referenciais importantes da produ\u00e7\u00e3o art\u00edstica nacional e internacional, com aproximadamente 7 mil obras nas \u00e1reas de artes visuais, arquitetura e design. \u00c9 considerado o maior museu de arte da Am\u00e9rica Latina, com um espa\u00e7o de cerca de 35 mil metros quadrados de \u00e1rea constru\u00edda e mais de 17 mil metros quadrados de \u00e1rea para exposi\u00e7\u00f5es.<\/p>\n\n\n\n<p>\u201cEssas visitas at\u00e9 os museus aumentam ainda mais a imagina\u00e7\u00e3o das crian\u00e7as, \u00e9 excelente para o crescimento cultural de nossos alunos que frequentam o Audit\u00f3rio Primavera realizando diversas oficinas\u201d ressaltou a diretora de cultura, Juliane Peixoto.<\/p>\n\n\n\n<p>\u201cEstes passeios educativos incentivam ainda mais a atua\u00e7\u00e3o dos jovens nas oficinas realizadas pela cultura\u201d frisou o Secret\u00e1rio de Desenvolvimento Jaime Cousseau.<\/p>\n\n\n\n<p>\u201cHoje nossas crian\u00e7as precisam mais de Cultura em sua volta, por isso as visitas at\u00e9 os museus levam mais informa\u00e7\u00f5es e descobertas para todos.\u201d Ressaltou o prefeito Marcos Casquinha. <\/p>\n\n\n\n<p>Assessoria<\/p>\n","protected":false},"excerpt":{"rendered":"<p>O Departamento de Cultura de Pontal do Paran\u00e1 realizou nesta semana, uma visita com os alunos do Teatro e do Coral Infanto Juvenil at\u00e9 o Museu Oscar Niemeyer, em Curitiba. O museu abriga referenciais importantes da produ\u00e7\u00e3o art\u00edstica nacional e internacional, com aproximadamente 7 mil obras nas \u00e1reas de artes visuais, arquitetura e design. \u00c9 [&hellip;]<\/p>\n","protected":false},"author":2,"featured_media":12084,"comment_status":"open","ping_status":"open","sticky":false,"template":"","format":"standard","meta":{"advanced_seo_description":"","jetpack_seo_html_title":"","jetpack_seo_noindex":false,"_jetpack_memberships_contains_paid_content":false,"footnotes":""},"categories":[40],"tags":[],"class_list":{"0":"post-12083","1":"post","2":"type-post","3":"status-publish","4":"format-standard","5":"has-post-thumbnail","7":"category-destaques"},"jetpack_featured_media_url":"https:\/\/www.paranapraia.com.br\/wp-content\/uploads\/2019\/05\/museu-1.jpg","jetpack_sharing_enabled":true,"_links":{"self":[{"href":"https:\/\/www.paranapraia.com.br\/index.php\/wp-json\/wp\/v2\/posts\/12083"}],"collection":[{"href":"https:\/\/www.paranapraia.com.br\/index.php\/wp-json\/wp\/v2\/posts"}],"about":[{"href":"https:\/\/www.paranapraia.com.br\/index.php\/wp-json\/wp\/v2\/types\/post"}],"author":[{"embeddable":true,"href":"https:\/\/www.paranapraia.com.br\/index.php\/wp-json\/wp\/v2\/users\/2"}],"replies":[{"embeddable":true,"href":"https:\/\/www.paranapraia.com.br\/index.php\/wp-json\/wp\/v2\/comments?post=12083"}],"version-history":[{"count":1,"href":"https:\/\/www.paranapraia.com.br\/index.php\/wp-json\/wp\/v2\/posts\/12083\/revisions"}],"predecessor-version":[{"id":12085,"href":"https:\/\/www.paranapraia.com.br\/index.php\/wp-json\/wp\/v2\/posts\/12083\/revisions\/12085"}],"wp:featuredmedia":[{"embeddable":true,"href":"https:\/\/www.paranapraia.com.br\/index.php\/wp-json\/wp\/v2\/media\/12084"}],"wp:attachment":[{"href":"https:\/\/www.paranapraia.com.br\/index.php\/wp-json\/wp\/v2\/media?parent=12083"}],"wp:term":[{"taxonomy":"category","embeddable":true,"href":"https:\/\/www.paranapraia.com.br\/index.php\/wp-json\/wp\/v2\/categories?post=12083"},{"taxonomy":"post_tag","embeddable":true,"href":"https:\/\/www.paranapraia.com.br\/index.php\/wp-json\/wp\/v2\/tags?post=12083"}],"curies":[{"name":"wp","href":"https:\/\/api.w.org\/{rel}","templated":true}]}}