{"id":12074,"date":"2019-05-31T13:08:06","date_gmt":"2019-05-31T16:08:06","guid":{"rendered":"https:\/\/www.paranapraia.com.br\/?p=12074"},"modified":"2019-05-31T13:08:07","modified_gmt":"2019-05-31T16:08:07","slug":"mp-acusa-policiais-militares-de-matar-motociclista-e-plantar-arma-na-cena-do-crime","status":"publish","type":"post","link":"https:\/\/www.paranapraia.com.br\/index.php\/2019\/05\/31\/mp-acusa-policiais-militares-de-matar-motociclista-e-plantar-arma-na-cena-do-crime\/","title":{"rendered":"MP acusa policiais militares de matar motociclista e plantar arma na cena do crime"},"content":{"rendered":"\n<p>O Minist\u00e9rio P\u00fablico do Paran\u00e1 (MP-PR) denunciou dois policiais militares envolvidos na morte de um motociclista na BR-277, em S\u00e3o Jos\u00e9 dos Pinhais, na Regi\u00e3o Metropolitana de Curitiba. De acordo com o MP-PR, al\u00e9m de matarem o rapaz de 18 anos, os PMs plantaram uma arma na cena do crime.<\/p>\n\n\n\n<p>O caso aconteceu em 21 de abril deste ano. No dia, a primeira informa\u00e7\u00e3o dada pela Pol\u00edcia Rodovi\u00e1ria Federal (PRF) sobre a ocorr\u00eancia foi que o motociclista estava armado e entrou em confronto com os policiais militares.<\/p>\n\n\n\n<p>A den\u00fancia do MP-PR, feita pelo promotor Jo\u00e3o Milton Salles, foi apresentada \u00e0 Justi\u00e7a na quinta-feira (30).<\/p>\n\n\n\n<p>Al\u00e9m de ter acesso \u00e0 den\u00fancia, a&nbsp;<strong>RPC<\/strong>&nbsp;obteve com exclusividade imagens que s\u00e3o usadas como provas da investiga\u00e7\u00e3o feita pela Pol\u00edcia Civil, com o apoio do MP-PR.<\/p>\n\n\n\n<p>As imagens mostram o que aconteceu no dia que Leandro Pires morreu depois de ser atingido nas costas por um tiro disparado pelo policial militar Wanderson Teixeira Rigotti.<\/p>\n\n\n\n<h2 class=\"wp-block-heading\">A den\u00fancia<\/h2>\n\n\n\n<p>Rigotti foi denunciado por homic\u00eddio e fraude processual. O policial militar Jeferson de Fran\u00e7a dos Santos, que estava com Rigotti no momento da morte da v\u00edtima, foi denunciado por fraude processual.<\/p>\n\n\n\n<p>Na den\u00fancia, o MP-PR apontou que &#8220;Rigotti ciente da ilicitude e reprovabilidade de sua conduta, com a inequ\u00edvoca inten\u00e7\u00e3o de matar, efetuou disparos de arma de fogo contra a v\u00edtima Leandro Pires Cordeiro&#8221;.<\/p>\n\n\n\n<p>O promotor afirmou que a Leandro n\u00e3o teve nenhuma possibilidade de defesa.<\/p>\n\n\n\n<p>De acordo com o MP-PR, a motiva\u00e7\u00e3o de Rigotti foi torpe, pois o PM atirou com a inten\u00e7\u00e3o de matar como repreens\u00e3o porque o jovem n\u00e3o obedeceu a ordem de parada.<\/p>\n\n\n\n<h2 class=\"wp-block-heading\">As imagens<\/h2>\n\n\n\n<p>As imagens da c\u00e2mera de seguran\u00e7a da concession\u00e1ria que administra o trecho da BR-277 onde Leandro morreu mostraram como foi a persegui\u00e7\u00e3o, que aconteceu por depois das 14h.<\/p>\n\n\n\n<p>\u00c0s 14h07, Leandro \u2013 de moto \u2013 olha para tr\u00e1s e ergue a m\u00e3o esquerda na altura do capacete. Olha de novo e, ent\u00e3o, some da imagem.<\/p>\n\n\n\n<blockquote class=\"wp-block-quote is-layout-flow wp-block-quote-is-layout-flow\"><p>&#8220;Vendo aqui pela imagem j\u00e1 d\u00e1 para perceber que n\u00e3o havia arma, mas, mesmo assim, a per\u00edcia fez a an\u00e1lise e foi categ\u00f3rica em afirmar que ele fazia um movimento em dire\u00e7\u00e3o ao capacete. Possivelmente, fechando o capacete porque entrou na rodovia&#8221;, afirmou o promotor.<\/p><\/blockquote>\n\n\n\n<p>No momento em que Leandro foi baleado, a c\u00e2mera monitorava o tr\u00e2nsito e n\u00e3o fez o registro da morte. \u00c0s 14h20, as imagens mostram Rigotti e Santos pr\u00f3ximos ao corpo do jovem. Um carro da PRF j\u00e1 estava no local.<\/p>\n\n\n\n<p>Outro ve\u00edculo policial aparece logo depois, e os PMs ficam conversando.<\/p>\n\n\n\n<p>Com a imagem aproximada, d\u00e1 para ver quando Rigotti chega perto do corpo, se agacha e levanta rapidamente. Nesse momento, segundo a per\u00edcia, o PM segura um objeto na m\u00e3o direita que fica vis\u00edvel quando ele se abaixa. Logo depois, Rigotti se levanta e, de acordo com a per\u00edcia, \u00e9 poss\u00edvel ver os dedos das duas m\u00e3os do policial.<\/p>\n\n\n\n<blockquote class=\"wp-block-quote is-layout-flow wp-block-quote-is-layout-flow\"><p>&#8220;A partir da\u00ed \u00e9 que n\u00f3s come\u00e7amos a perceber e ficou muito claro para a gente o ato deles em adulterar o local do crime inserindo a arma de fogo sob esse rapaz para justificar a tese deles de que estavam sendo v\u00edtimas de uma agress\u00e3o&#8221;, disse o promotor.<\/p><\/blockquote>\n\n\n\n<p>Rigotti d\u00e1 tr\u00eas pequenos chutes no corpo, e se vira para conversar com um colega. Um carro com outros PMs chega. Rigotti volta a chutar o corpo na regi\u00e3o da cintura e vai cumprimentar os colegas.<\/p>\n\n\n\n<p>Na sequ\u00eancia das imagens, Rigotti volta em dire\u00e7\u00e3o ao corpo, d\u00e1 mais um chute no corpo e vai ao encontro de outro PM que tinha acabado de chegar.<\/p>\n\n\n\n<h2 class=\"wp-block-heading\">O que acontece agora<\/h2>\n\n\n\n<p>Agora, cabe a Justi\u00e7a decidir se aceita a den\u00fancia do MP-PR tornando os policiais r\u00e9us. Se isso acontecer, os PMs podem ir a j\u00fari popular.<\/p>\n\n\n\n<p>A Pol\u00edcia Militar (PM) abriu um inqu\u00e9rito para apurar o caso, mas a investiga\u00e7\u00e3o ainda n\u00e3o terminou.<\/p>\n\n\n\n<p>Conforme a PM, os dois policiais militares foram afastados logo depois do ocorrido e est\u00e3o \u00e0 disposi\u00e7\u00e3o da investiga\u00e7\u00e3o.<\/p>\n\n\n\n<h2 class=\"wp-block-heading\">O que diz a PM<\/h2>\n\n\n\n<p><strong>Leia a \u00edntegra da nota enviada pela PM nesta sexta-feira (31):<\/strong><\/p>\n\n\n\n<p><em>&#8220;A Pol\u00edcia Militar lembra que \u00e0 \u00e9poca dos fatos, t\u00e3o logo o Comando da unidade (a qual os policiais pertencem) foi informado a respeito, um Inqu\u00e9rito Policial Militar (IPM) foi instaurado, o qual est\u00e1 em fase de conclus\u00e3o e ser\u00e1 encaminhado \u00e0 Vara da Auditoria da Justi\u00e7a Militar Estadual (VAJME) para aprecia\u00e7\u00e3o.<\/em><\/p>\n\n\n\n<p><em>Institucionalmente, a PM respeita as conclus\u00f5es as quais chegou o Minist\u00e9rio P\u00fablico.<\/em><\/p>\n\n\n\n<p><em>A Corpora\u00e7\u00e3o lembra que para qualquer situa\u00e7\u00e3o denunciada, busca-se a elucida\u00e7\u00e3o de todos os fatos, e, se ficar comprovada responsabilidade para qualquer um dos policiais militares, as medidas s\u00e3o tomadas, conforme a legisla\u00e7\u00e3o, sendo respeitados os direitos ao devido processo legal, \u00e0 ampla defesa e ao contradit\u00f3rio&#8221;.<\/em><\/p>\n\n\n\n<h2 class=\"wp-block-heading\">Protesto<\/h2>\n\n\n\n<p>No dia da morte, amigos de Leandro fizeram um&nbsp;<a href=\"https:\/\/g1.globo.com\/pr\/parana\/noticia\/2019\/04\/21\/manifestantes-bloqueiam-trecho-da-br-277-em-sao-jose-dos-pinhais.ghtml\">protesto na rodovia<\/a>, queimaram pneus e fecharam o trecho da BR-277.<\/p>\n\n\n\n<p>Um dos amigos afirmou que nunca viu Leandro com uma arma, nem o ouviu dizendo que mataria algu\u00e9m.<\/p>\n\n\n\n<p>&#8220;Falaram que ele estava armado, trocou tiro com a pol\u00edcia. E ele estava com a gente antes de a pol\u00edcia abordar. Ele estava junto com a gente. N\u00e3o tinha arma, n\u00e3o tinha nada&#8221;, disse o amigo.<\/p>\n\n\n\n<figure class=\"wp-block-image\"><img decoding=\"async\" src=\"https:\/\/s2.glbimg.com\/PzlT0iXlnYKMIKPQvH005Y-35Ac=\/0x0:1280x720\/984x0\/smart\/filters:strip_icc()\/i.s3.glbimg.com\/v1\/AUTH_59edd422c0c84a879bd37670ae4f538a\/internal_photos\/bs\/2019\/P\/P\/8mMDJkTYO8MmL3sBWsIQ\/whatsapp-image-2019-04-21-at-17.49.18.jpeg\" alt=\"Grupo queimou pneus e fechou um dos sentidos da BR-277, no dia 21 de abril, em protesto contra a morte de Leandro \u2014 Foto: Divulga\u00e7\u00e3o\/PRF\"\/><\/figure>\n\n\n\n<p>Grupo queimou pneus e fechou um dos sentidos da BR-277, no dia 21 de abril, em protesto contra a morte de Leandro \u2014 Foto: Divulga\u00e7\u00e3o\/PRF<\/p>\n\n\n\n<p>G1PR<br><\/p>\n\n\n\n<p><br><\/p>\n\n\n\n<p><br><\/p>\n","protected":false},"excerpt":{"rendered":"<p>O Minist\u00e9rio P\u00fablico do Paran\u00e1 (MP-PR) denunciou dois policiais militares envolvidos na morte de um motociclista na BR-277, em S\u00e3o Jos\u00e9 dos Pinhais, na Regi\u00e3o Metropolitana de Curitiba. De acordo com o MP-PR, al\u00e9m de matarem o rapaz de 18 anos, os PMs plantaram uma arma na cena do crime. O caso aconteceu em 21 [&hellip;]<\/p>\n","protected":false},"author":2,"featured_media":12076,"comment_status":"open","ping_status":"open","sticky":false,"template":"","format":"standard","meta":{"advanced_seo_description":"","jetpack_seo_html_title":"","jetpack_seo_noindex":false,"_jetpack_memberships_contains_paid_content":false,"footnotes":""},"categories":[40],"tags":[],"class_list":{"0":"post-12074","1":"post","2":"type-post","3":"status-publish","4":"format-standard","5":"has-post-thumbnail","7":"category-destaques"},"jetpack_featured_media_url":"https:\/\/www.paranapraia.com.br\/wp-content\/uploads\/2019\/05\/pms-1.jpg","jetpack_sharing_enabled":true,"_links":{"self":[{"href":"https:\/\/www.paranapraia.com.br\/index.php\/wp-json\/wp\/v2\/posts\/12074"}],"collection":[{"href":"https:\/\/www.paranapraia.com.br\/index.php\/wp-json\/wp\/v2\/posts"}],"about":[{"href":"https:\/\/www.paranapraia.com.br\/index.php\/wp-json\/wp\/v2\/types\/post"}],"author":[{"embeddable":true,"href":"https:\/\/www.paranapraia.com.br\/index.php\/wp-json\/wp\/v2\/users\/2"}],"replies":[{"embeddable":true,"href":"https:\/\/www.paranapraia.com.br\/index.php\/wp-json\/wp\/v2\/comments?post=12074"}],"version-history":[{"count":1,"href":"https:\/\/www.paranapraia.com.br\/index.php\/wp-json\/wp\/v2\/posts\/12074\/revisions"}],"predecessor-version":[{"id":12077,"href":"https:\/\/www.paranapraia.com.br\/index.php\/wp-json\/wp\/v2\/posts\/12074\/revisions\/12077"}],"wp:featuredmedia":[{"embeddable":true,"href":"https:\/\/www.paranapraia.com.br\/index.php\/wp-json\/wp\/v2\/media\/12076"}],"wp:attachment":[{"href":"https:\/\/www.paranapraia.com.br\/index.php\/wp-json\/wp\/v2\/media?parent=12074"}],"wp:term":[{"taxonomy":"category","embeddable":true,"href":"https:\/\/www.paranapraia.com.br\/index.php\/wp-json\/wp\/v2\/categories?post=12074"},{"taxonomy":"post_tag","embeddable":true,"href":"https:\/\/www.paranapraia.com.br\/index.php\/wp-json\/wp\/v2\/tags?post=12074"}],"curies":[{"name":"wp","href":"https:\/\/api.w.org\/{rel}","templated":true}]}}