{"id":12071,"date":"2019-05-31T11:25:52","date_gmt":"2019-05-31T14:25:52","guid":{"rendered":"https:\/\/www.paranapraia.com.br\/?p=12071"},"modified":"2019-05-31T11:25:53","modified_gmt":"2019-05-31T14:25:53","slug":"mp-eleitoral-e-mp-pr-criam-grupo-para-auxiliar-promotores-em-crimes-eleitorais","status":"publish","type":"post","link":"https:\/\/www.paranapraia.com.br\/index.php\/2019\/05\/31\/mp-eleitoral-e-mp-pr-criam-grupo-para-auxiliar-promotores-em-crimes-eleitorais\/","title":{"rendered":"MP Eleitoral e MP-PR criam grupo para auxiliar promotores em crimes eleitorais"},"content":{"rendered":"\n<h4 class=\"wp-block-heading\">MP Eleitoral e MP-PR criam grupo para auxiliar promotores em crimes eleitorais<\/h4>\n\n\n\n<p>O Minist\u00e9rio P\u00fablico Eleitoral (MPE) no Paran\u00e1 e o Minist\u00e9rio P\u00fablico do Paran\u00e1 (MP-PR) formalizaram, nesta quinta-feira (30), a cria\u00e7\u00e3o de um grupo de trabalho para auxiliar os promotores que v\u00e3o atuar em processos de crimes eleitorais que forem enviados para a Justi\u00e7a Eleitoral do Paran\u00e1.<\/p>\n\n\n\n<p>A iniciativa surgiu a partir da\u00a0decis\u00e3o do Supremo Tribunal Federal (STF)\u00a0de que crimes de caixa 2 ligados a crimes de corrup\u00e7\u00e3o e lavagem de dinheiro devem ser julgados pela Justi\u00e7a Eleitoral.<\/p>\n\n\n\n<p>O objetivo do grupo, formado por promotores, procuradores de justi\u00e7a e procuradores eleitorais, \u00e9 fortalecer a atua\u00e7\u00e3o dos promotores e dar celeridade \u00e0s investiga\u00e7\u00f5es, segundo o MP-PR.<\/p>\n\n\n\n<p>&#8220;A import\u00e2ncia desse grupo de trabalho \u00e9 fortalecer a atividade dos promotores eleitorais dando subs\u00eddios para sua atua\u00e7\u00e3o. \u00c9 sempre o promotor eleitoral da causa que vai tomar as decis\u00f5es no processo&#8221;, afirmou a procuradora regional Eleitoral, Eloisa Helena Machado.<\/p>\n\n\n\n<p>G1<\/p>\n","protected":false},"excerpt":{"rendered":"<p>MP Eleitoral e MP-PR criam grupo para auxiliar promotores em crimes eleitorais O Minist\u00e9rio P\u00fablico Eleitoral (MPE) no Paran\u00e1 e o Minist\u00e9rio P\u00fablico do Paran\u00e1 (MP-PR) formalizaram, nesta quinta-feira (30), a cria\u00e7\u00e3o de um grupo de trabalho para auxiliar os promotores que v\u00e3o atuar em processos de crimes eleitorais que forem enviados para a Justi\u00e7a [&hellip;]<\/p>\n","protected":false},"author":2,"featured_media":12072,"comment_status":"open","ping_status":"open","sticky":false,"template":"","format":"standard","meta":{"advanced_seo_description":"","jetpack_seo_html_title":"","jetpack_seo_noindex":false,"_jetpack_memberships_contains_paid_content":false,"footnotes":""},"categories":[32],"tags":[],"class_list":{"0":"post-12071","1":"post","2":"type-post","3":"status-publish","4":"format-standard","5":"has-post-thumbnail","7":"category-politica"},"jetpack_featured_media_url":"https:\/\/www.paranapraia.com.br\/wp-content\/uploads\/2019\/05\/uio-1.jpg","jetpack_sharing_enabled":true,"_links":{"self":[{"href":"https:\/\/www.paranapraia.com.br\/index.php\/wp-json\/wp\/v2\/posts\/12071"}],"collection":[{"href":"https:\/\/www.paranapraia.com.br\/index.php\/wp-json\/wp\/v2\/posts"}],"about":[{"href":"https:\/\/www.paranapraia.com.br\/index.php\/wp-json\/wp\/v2\/types\/post"}],"author":[{"embeddable":true,"href":"https:\/\/www.paranapraia.com.br\/index.php\/wp-json\/wp\/v2\/users\/2"}],"replies":[{"embeddable":true,"href":"https:\/\/www.paranapraia.com.br\/index.php\/wp-json\/wp\/v2\/comments?post=12071"}],"version-history":[{"count":1,"href":"https:\/\/www.paranapraia.com.br\/index.php\/wp-json\/wp\/v2\/posts\/12071\/revisions"}],"predecessor-version":[{"id":12073,"href":"https:\/\/www.paranapraia.com.br\/index.php\/wp-json\/wp\/v2\/posts\/12071\/revisions\/12073"}],"wp:featuredmedia":[{"embeddable":true,"href":"https:\/\/www.paranapraia.com.br\/index.php\/wp-json\/wp\/v2\/media\/12072"}],"wp:attachment":[{"href":"https:\/\/www.paranapraia.com.br\/index.php\/wp-json\/wp\/v2\/media?parent=12071"}],"wp:term":[{"taxonomy":"category","embeddable":true,"href":"https:\/\/www.paranapraia.com.br\/index.php\/wp-json\/wp\/v2\/categories?post=12071"},{"taxonomy":"post_tag","embeddable":true,"href":"https:\/\/www.paranapraia.com.br\/index.php\/wp-json\/wp\/v2\/tags?post=12071"}],"curies":[{"name":"wp","href":"https:\/\/api.w.org\/{rel}","templated":true}]}}