{"id":12058,"date":"2019-05-31T11:19:11","date_gmt":"2019-05-31T14:19:11","guid":{"rendered":"https:\/\/www.paranapraia.com.br\/?p=12058"},"modified":"2019-05-31T11:19:12","modified_gmt":"2019-05-31T14:19:12","slug":"policia-faz-acao-contra-o-trafico-de-drogas-na-regiao-de-curitiba-e-em-cascavel-chefe-atua-dentro-de-presidio","status":"publish","type":"post","link":"https:\/\/www.paranapraia.com.br\/index.php\/2019\/05\/31\/policia-faz-acao-contra-o-trafico-de-drogas-na-regiao-de-curitiba-e-em-cascavel-chefe-atua-dentro-de-presidio\/","title":{"rendered":"Pol\u00edcia faz a\u00e7\u00e3o contra o tr\u00e1fico de drogas na Regi\u00e3o de Curitiba e em Cascavel; chefe atua dentro de pres\u00eddio"},"content":{"rendered":"\n<h4 class=\"wp-block-heading\">Opera\u00e7\u00e3o foi deflagrada nesta sexta-feira (31); h\u00e1 12 mandados de pris\u00e3o e 13 de busca e apreens\u00e3o.<\/h4>\n\n\n\n<p>Policiais civis est\u00e3o nas ruas da Regi\u00e3o de Curitiba e de Cascavel, no oeste do Paran\u00e1, na manh\u00e3 desta sexta-feira (31) em uma a\u00e7\u00e3o contra uma organiza\u00e7\u00e3o criminosa que atua no tr\u00e1fico de drogas. H\u00e1 12 mandados de pris\u00e3o preventiva \u2013 que \u00e9 por tempo indeterminado \u2013 e 13 de busca e apreens\u00e3o.<\/p>\n\n\n\n<p>De acordo com a Pol\u00edcia Civil, um preso da Penitenci\u00e1ria Estadual de Piraquara, na Regi\u00e3o Metropolitana da capital paranaense, comanda o tr\u00e1fico de drogas em um bairro de Cascavel. Quem o ajuda a chefiar o tr\u00e1fico no bairro Floresta, segundo a pol\u00edcia, \u00e9 a esposa dele.<\/p>\n\n\n\n<p>A mulher \u00e9 suspeita de ser a respons\u00e1vel pelo repasse de informa\u00e7\u00f5es e pela arrecada\u00e7\u00e3o dos valores adquiridos por meio da venda de drogas, conforme a Pol\u00edcia Civil.<\/p>\n\n\n\n<p>A opera\u00e7\u00e3o foi batizada de &#8220;Dasos&#8221; porque significa floresta, em grego, e esse \u00e9 o nome do bairro onde a associa\u00e7\u00e3o criminosa age na cidade do oeste paranaense.<\/p>\n\n\n\n<p>Os mandados referentes \u00e0 Regi\u00e3o de Curitiba s\u00e3o, de acordo com a pol\u00edcia, s\u00e3o cumpridos apenas na Penitenci\u00e1ria Estadual de Piraquara.<\/p>\n\n\n\n<h2 class=\"wp-block-heading\">&#8216;Escalas de plant\u00e3o&#8217;<\/h2>\n\n\n\n<p>A pol\u00edcia relatou que o grupo atua de maneira organizada, tendo at\u00e9 &#8220;escalas de plant\u00e3o&#8221; para a venda de drogas nos pontos que dominavam. Outra suspeita da Pol\u00edcia Civil \u00e9 de que a associa\u00e7\u00e3o tinha o objetivo de colocar drogas em pres\u00eddios de Cascavel.<\/p>\n\n\n\n<p>Quatro integrantes desse grupo foram presos, em flagrante, durante a investiga\u00e7\u00e3o. Segundo a pol\u00edcia, eles foram presos suspeitos de tr\u00e1fico de drogas e recepta\u00e7\u00e3o. A Pol\u00edcia Civil apreendeu coca\u00edna e maconha com esses criminosos.<\/p>\n\n\n\n<p>G1<\/p>\n","protected":false},"excerpt":{"rendered":"<p>Opera\u00e7\u00e3o foi deflagrada nesta sexta-feira (31); h\u00e1 12 mandados de pris\u00e3o e 13 de busca e apreens\u00e3o. Policiais civis est\u00e3o nas ruas da Regi\u00e3o de Curitiba e de Cascavel, no oeste do Paran\u00e1, na manh\u00e3 desta sexta-feira (31) em uma a\u00e7\u00e3o contra uma organiza\u00e7\u00e3o criminosa que atua no tr\u00e1fico de drogas. H\u00e1 12 mandados de [&hellip;]<\/p>\n","protected":false},"author":2,"featured_media":12059,"comment_status":"open","ping_status":"open","sticky":false,"template":"","format":"standard","meta":{"advanced_seo_description":"","jetpack_seo_html_title":"","jetpack_seo_noindex":false,"_jetpack_memberships_contains_paid_content":false,"footnotes":""},"categories":[33],"tags":[],"class_list":{"0":"post-12058","1":"post","2":"type-post","3":"status-publish","4":"format-standard","5":"has-post-thumbnail","7":"category-policia"},"jetpack_featured_media_url":"https:\/\/www.paranapraia.com.br\/wp-content\/uploads\/2019\/05\/upi.jpg","jetpack_sharing_enabled":true,"_links":{"self":[{"href":"https:\/\/www.paranapraia.com.br\/index.php\/wp-json\/wp\/v2\/posts\/12058"}],"collection":[{"href":"https:\/\/www.paranapraia.com.br\/index.php\/wp-json\/wp\/v2\/posts"}],"about":[{"href":"https:\/\/www.paranapraia.com.br\/index.php\/wp-json\/wp\/v2\/types\/post"}],"author":[{"embeddable":true,"href":"https:\/\/www.paranapraia.com.br\/index.php\/wp-json\/wp\/v2\/users\/2"}],"replies":[{"embeddable":true,"href":"https:\/\/www.paranapraia.com.br\/index.php\/wp-json\/wp\/v2\/comments?post=12058"}],"version-history":[{"count":1,"href":"https:\/\/www.paranapraia.com.br\/index.php\/wp-json\/wp\/v2\/posts\/12058\/revisions"}],"predecessor-version":[{"id":12060,"href":"https:\/\/www.paranapraia.com.br\/index.php\/wp-json\/wp\/v2\/posts\/12058\/revisions\/12060"}],"wp:featuredmedia":[{"embeddable":true,"href":"https:\/\/www.paranapraia.com.br\/index.php\/wp-json\/wp\/v2\/media\/12059"}],"wp:attachment":[{"href":"https:\/\/www.paranapraia.com.br\/index.php\/wp-json\/wp\/v2\/media?parent=12058"}],"wp:term":[{"taxonomy":"category","embeddable":true,"href":"https:\/\/www.paranapraia.com.br\/index.php\/wp-json\/wp\/v2\/categories?post=12058"},{"taxonomy":"post_tag","embeddable":true,"href":"https:\/\/www.paranapraia.com.br\/index.php\/wp-json\/wp\/v2\/tags?post=12058"}],"curies":[{"name":"wp","href":"https:\/\/api.w.org\/{rel}","templated":true}]}}