{"id":12054,"date":"2019-05-30T16:06:37","date_gmt":"2019-05-30T19:06:37","guid":{"rendered":"https:\/\/www.paranapraia.com.br\/?p=12054"},"modified":"2019-05-30T16:06:40","modified_gmt":"2019-05-30T19:06:40","slug":"agencia-do-trabalhador-a-servico-da-cidadania","status":"publish","type":"post","link":"https:\/\/www.paranapraia.com.br\/index.php\/2019\/05\/30\/agencia-do-trabalhador-a-servico-da-cidadania\/","title":{"rendered":"Ag\u00eancia do Trabalhador a servi\u00e7o da Cidadania"},"content":{"rendered":"\n<p>A Ag\u00eancia do Trabalhador de Guaratuba oferece diversos servi\u00e7os aos cidad\u00e3os, al\u00e9m de ajudar a conseguir um emprego.<\/p>\n\n\n\n<p>A intermedia\u00e7\u00e3o de m\u00e3o de obra \u00e9 a principal atividade, mas \u00e9 tamb\u00e9m por meio da Ag\u00eancia que a popula\u00e7\u00e3o consegue tirar a carteira de trabalho, dar entrada no seguro-desemprego, al\u00e9m de fazer o alistamento militar, emitir a nota do produtor e obter empr\u00e9stimos do Banco do Empreendedor do Fomento Paran\u00e1.<\/p>\n\n\n\n<p>Segundo a secret\u00e1ria Municipal da Administra\u00e7\u00e3o, Angelita Maciel, mais do que um setor p\u00fablico, a Ag\u00eancia do Trabalhador de Guaratuba \u00e9 um servi\u00e7o de grande import\u00e2ncia para o exerc\u00edcio da cidadania da popula\u00e7\u00e3o guaratubana.<\/p>\n\n\n\n<p>Aqui em Guaratuba n\u00e3o h\u00e1 necessidade de fazer agendamentos para dar entrada na carteira de trabalho, \u201cbasta comparecer com toda a documenta\u00e7\u00e3o que o atendimento \u00e9 feito na hora, por ordem de chegada\u201d, informa o t\u00e9cnico administrativo da Ag\u00eancia do Trabalhador, Rodrigo Moritz Britez. J\u00e1 o seguro-desemprego requer agendamento, que \u00e9 feito presencialmente e sempre de um dia para o outro. \u201cEsta foi a forma encontrada para priorizar a popula\u00e7\u00e3o de Guaratuba e evitar problemas com a documenta\u00e7\u00e3o, pois todos os pap\u00e9is j\u00e1 s\u00e3o verificados no ato do agendamento\u201d, afirma Adelar Feij\u00f3, gerente da Ag\u00eancia do Trabalhador.<\/p>\n\n\n\n<p>O cadastro dos trabalhadores tamb\u00e9m n\u00e3o requer agendamento pr\u00e9vio. O Programa de Intermedia\u00e7\u00e3o de M\u00e3o de Obra destina-se a coloca\u00e7\u00e3o do trabalhador no mercado de trabalho e ao empregador que necessita de m\u00e3o de obra.<\/p>\n\n\n\n<p>A parceria com as empresas locais e de outras cidades \u00e9 fundamental para o servi\u00e7o de intermedia\u00e7\u00e3o de m\u00e3o de obra. Importante ressaltar que os processos seletivos das empresas localizadas em outras cidades ocorrem nas depend\u00eancias da Ag\u00eancia. As entrevistas poder\u00e3o ser em outras cidades, desde que os custos do deslocamento das candidatas e candidatos ocorra por conta da empresa.<\/p>\n\n\n\n<p>A Ag\u00eancia do Trabalhador fica na Avenida Jos\u00e9 Nicolau Abagge, n\u00ba1333, centro.<\/p>\n\n\n\n<p>Hor\u00e1rio de atendimento: 8h30 \u00e0s 11h30 e das 13h30 \u00e0s 17h.<\/p>\n\n\n\n<h6 class=\"wp-block-heading\">Categoria: Administra\u00e7\u00e3o<\/h6>\n\n\n\n<h6 class=\"wp-block-heading\">Data\/Hora: 28\/05\/2019<\/h6>\n\n\n\n<p>Prefeitura de Guaratuba<\/p>\n","protected":false},"excerpt":{"rendered":"<p>A Ag\u00eancia do Trabalhador de Guaratuba oferece diversos servi\u00e7os aos cidad\u00e3os, al\u00e9m de ajudar a conseguir um emprego. A intermedia\u00e7\u00e3o de m\u00e3o de obra \u00e9 a principal atividade, mas \u00e9 tamb\u00e9m por meio da Ag\u00eancia que a popula\u00e7\u00e3o consegue tirar a carteira de trabalho, dar entrada no seguro-desemprego, al\u00e9m de fazer o alistamento militar, emitir [&hellip;]<\/p>\n","protected":false},"author":2,"featured_media":12055,"comment_status":"open","ping_status":"open","sticky":false,"template":"","format":"standard","meta":{"advanced_seo_description":"","jetpack_seo_html_title":"","jetpack_seo_noindex":false,"_jetpack_memberships_contains_paid_content":false,"footnotes":""},"categories":[42],"tags":[],"class_list":{"0":"post-12054","1":"post","2":"type-post","3":"status-publish","4":"format-standard","5":"has-post-thumbnail","7":"category-cidades"},"jetpack_featured_media_url":"https:\/\/www.paranapraia.com.br\/wp-content\/uploads\/2019\/05\/av.jpeg","jetpack_sharing_enabled":true,"_links":{"self":[{"href":"https:\/\/www.paranapraia.com.br\/index.php\/wp-json\/wp\/v2\/posts\/12054"}],"collection":[{"href":"https:\/\/www.paranapraia.com.br\/index.php\/wp-json\/wp\/v2\/posts"}],"about":[{"href":"https:\/\/www.paranapraia.com.br\/index.php\/wp-json\/wp\/v2\/types\/post"}],"author":[{"embeddable":true,"href":"https:\/\/www.paranapraia.com.br\/index.php\/wp-json\/wp\/v2\/users\/2"}],"replies":[{"embeddable":true,"href":"https:\/\/www.paranapraia.com.br\/index.php\/wp-json\/wp\/v2\/comments?post=12054"}],"version-history":[{"count":1,"href":"https:\/\/www.paranapraia.com.br\/index.php\/wp-json\/wp\/v2\/posts\/12054\/revisions"}],"predecessor-version":[{"id":12056,"href":"https:\/\/www.paranapraia.com.br\/index.php\/wp-json\/wp\/v2\/posts\/12054\/revisions\/12056"}],"wp:featuredmedia":[{"embeddable":true,"href":"https:\/\/www.paranapraia.com.br\/index.php\/wp-json\/wp\/v2\/media\/12055"}],"wp:attachment":[{"href":"https:\/\/www.paranapraia.com.br\/index.php\/wp-json\/wp\/v2\/media?parent=12054"}],"wp:term":[{"taxonomy":"category","embeddable":true,"href":"https:\/\/www.paranapraia.com.br\/index.php\/wp-json\/wp\/v2\/categories?post=12054"},{"taxonomy":"post_tag","embeddable":true,"href":"https:\/\/www.paranapraia.com.br\/index.php\/wp-json\/wp\/v2\/tags?post=12054"}],"curies":[{"name":"wp","href":"https:\/\/api.w.org\/{rel}","templated":true}]}}