{"id":12051,"date":"2019-05-30T16:04:07","date_gmt":"2019-05-30T19:04:07","guid":{"rendered":"https:\/\/www.paranapraia.com.br\/?p=12051"},"modified":"2019-05-30T16:04:09","modified_gmt":"2019-05-30T19:04:09","slug":"mulher-morre-em-capotamento-na-avenida-das-torres-em-curitiba","status":"publish","type":"post","link":"https:\/\/www.paranapraia.com.br\/index.php\/2019\/05\/30\/mulher-morre-em-capotamento-na-avenida-das-torres-em-curitiba\/","title":{"rendered":"Mulher morre em capotamento na Avenida das Torres, em Curitiba"},"content":{"rendered":"\n<h4 class=\"wp-block-heading\">Acidente aconteceu na manh\u00e3 desta quinta-feira (30). Carro capotou e bateu em mureta.<\/h4>\n\n\n\n<p>Uma mulher de 45 anos morreu ap\u00f3s capotar o carro na Avenida Comendador Franco, conhecida como Avenida das Torres, em Curitiba, na manh\u00e3 desta quinta-feira (30).<\/p>\n\n\n\n<p>De acordo com a Pol\u00edcia Militar, ela estava sozinha no carro no momento do acidente. O carro saiu da pista e bateu em uma mureta que sustenta uma torre de alta tens\u00e3o.<\/p>\n\n\n\n<p>A condutora do carro morreu no local do acidente, antes do socorro ser acionado.<\/p>\n\n\n\n<p>Chovia forte no local no momento do acidente, mas a pol\u00edcia n\u00e3o sabe dizer o que fez a motorista perder o controle do carro.<\/p>\n\n\n\n<p>G1<\/p>\n","protected":false},"excerpt":{"rendered":"<p>Acidente aconteceu na manh\u00e3 desta quinta-feira (30). Carro capotou e bateu em mureta. Uma mulher de 45 anos morreu ap\u00f3s capotar o carro na Avenida Comendador Franco, conhecida como Avenida das Torres, em Curitiba, na manh\u00e3 desta quinta-feira (30). De acordo com a Pol\u00edcia Militar, ela estava sozinha no carro no momento do acidente. O [&hellip;]<\/p>\n","protected":false},"author":2,"featured_media":12052,"comment_status":"open","ping_status":"open","sticky":false,"template":"","format":"standard","meta":{"advanced_seo_description":"","jetpack_seo_html_title":"","jetpack_seo_noindex":false,"_jetpack_memberships_contains_paid_content":false,"footnotes":""},"categories":[52],"tags":[],"class_list":{"0":"post-12051","1":"post","2":"type-post","3":"status-publish","4":"format-standard","5":"has-post-thumbnail","7":"category-acidentes"},"jetpack_featured_media_url":"https:\/\/www.paranapraia.com.br\/wp-content\/uploads\/2019\/05\/pum-1.jpg","jetpack_sharing_enabled":true,"_links":{"self":[{"href":"https:\/\/www.paranapraia.com.br\/index.php\/wp-json\/wp\/v2\/posts\/12051"}],"collection":[{"href":"https:\/\/www.paranapraia.com.br\/index.php\/wp-json\/wp\/v2\/posts"}],"about":[{"href":"https:\/\/www.paranapraia.com.br\/index.php\/wp-json\/wp\/v2\/types\/post"}],"author":[{"embeddable":true,"href":"https:\/\/www.paranapraia.com.br\/index.php\/wp-json\/wp\/v2\/users\/2"}],"replies":[{"embeddable":true,"href":"https:\/\/www.paranapraia.com.br\/index.php\/wp-json\/wp\/v2\/comments?post=12051"}],"version-history":[{"count":1,"href":"https:\/\/www.paranapraia.com.br\/index.php\/wp-json\/wp\/v2\/posts\/12051\/revisions"}],"predecessor-version":[{"id":12053,"href":"https:\/\/www.paranapraia.com.br\/index.php\/wp-json\/wp\/v2\/posts\/12051\/revisions\/12053"}],"wp:featuredmedia":[{"embeddable":true,"href":"https:\/\/www.paranapraia.com.br\/index.php\/wp-json\/wp\/v2\/media\/12052"}],"wp:attachment":[{"href":"https:\/\/www.paranapraia.com.br\/index.php\/wp-json\/wp\/v2\/media?parent=12051"}],"wp:term":[{"taxonomy":"category","embeddable":true,"href":"https:\/\/www.paranapraia.com.br\/index.php\/wp-json\/wp\/v2\/categories?post=12051"},{"taxonomy":"post_tag","embeddable":true,"href":"https:\/\/www.paranapraia.com.br\/index.php\/wp-json\/wp\/v2\/tags?post=12051"}],"curies":[{"name":"wp","href":"https:\/\/api.w.org\/{rel}","templated":true}]}}