{"id":12048,"date":"2019-05-30T16:02:55","date_gmt":"2019-05-30T19:02:55","guid":{"rendered":"https:\/\/www.paranapraia.com.br\/?p=12048"},"modified":"2019-05-30T16:02:58","modified_gmt":"2019-05-30T19:02:58","slug":"recolhimento-de-lixo-eletronico-acontece-nas-dez-regionais-em-junho-veja-o-cronograma","status":"publish","type":"post","link":"https:\/\/www.paranapraia.com.br\/index.php\/2019\/05\/30\/recolhimento-de-lixo-eletronico-acontece-nas-dez-regionais-em-junho-veja-o-cronograma\/","title":{"rendered":"Recolhimento de lixo eletr\u00f4nico acontece nas dez regionais em junho; veja o cronograma"},"content":{"rendered":"\n<p>Garantir a destina\u00e7\u00e3o correta de equipamentos eletroeletr\u00f4nicos fora de funcionamento vai ser mais f\u00e1cil em junho. As dez regionais de Curitiba far\u00e3o recolhimento destes materiais nas primeiras semanas do m\u00eas.<\/p>\n\n\n\n<p>A a\u00e7\u00e3o faz parte da programa\u00e7\u00e3o da Secretaria Municipal do Meio Ambiente em comemora\u00e7\u00e3o ao m\u00eas do Meio Ambiente.<\/p>\n\n\n\n<p>Podem ser levados computadores, monitores, impressoras, r\u00e1dios, equipamentos de som, telefones, celulares, aparelhos de fax, televisores, c\u00e2meras fotogr\u00e1ficas. O recolhimento ser\u00e1 feito por associa\u00e7\u00f5es de catadores de materiais recicl\u00e1veis ligados ao programa Ecocidad\u00e3o da Prefeitura de Curitiba.<\/p>\n\n\n\n<p>Est\u00e3o previstas, ainda, a\u00e7\u00f5es em parceria com o Sindicato das Empresas de Servi\u00e7os Cont\u00e1beis e das Empresas de Assessoramento, Per\u00edcias, Informa\u00e7\u00f5es e Pesquisas no Estado do Paran\u00e1 (Sescap-PR), no Parque Barigui, e com o Conselho Comunit\u00e1rio de Seguran\u00e7a do Centro C\u00edvico de Curitiba (Conseg Centro C\u00edvico), na Pra\u00e7a Nossa Senhora da Salete.<\/p>\n\n\n\n<p>Programa\u00e7\u00e3o completa das regionais<\/p>\n\n\n\n<p>Recolhimento de lixo eletroeletr\u00f4nico e doa\u00e7\u00e3o de mudas de \u00e1rvores<br>Hor\u00e1rio: das 9h \u00e0s 17h<\/p>\n\n\n\n<p>3\/6 \u2013 Segunda-feira<br>Regional Santa Felicidade \u2013 Rua da Cidadania (Rua Santa Bertila Boscardin, 213, ao lado do gin\u00e1sio. Associa\u00e7\u00e3o Acampa<\/p>\n\n\n\n<p>Regional CIC \u2013 esquina das ruas Cid Campelo e Te\u00f3filo Otoni. Associa\u00e7\u00e3o Curitiba mais Limpa<\/p>\n\n\n\n<p>4\/6 \u2013 Ter\u00e7a-feira<br>Regional Boa Vista \u2013 Par\u00f3quia S\u00e3o Jo\u00e3o Batista \u2013 Rua Guilherme Ihlenfeldt, 1040, Tingui. Associa\u00e7\u00e3o Cooperare.<\/p>\n\n\n\n<p>Regional Pinheirinho \u2013 Rua da Cidadania (Av. Winston Churchill, 2.033). Associa\u00e7\u00e3o Vit\u00f3ria<\/p>\n\n\n\n<p>5\/6 \u2013 Quarta-feira<br>Regional Boqueir\u00e3o \u2013 Av. Marechal Floriano Peixoto, 8.430. Associa\u00e7\u00e3o Associar<\/p>\n\n\n\n<p>Regional Matriz \u2013 Local a definir. Associa\u00e7\u00e3o Reciclar \u00e9 Viver<\/p>\n\n\n\n<p>6\/6 \u2013 Quinta-feira<br>Regional Bairro Novo \u2013 Rua da Cidadania (R. Tijucas do Sul, 1.700, S\u00edtio Cercado). Associa\u00e7\u00e3o Mutir\u00e3o<\/p>\n\n\n\n<p>Regional Fazendinha-Port\u00e3o \u2013 Rua da Cidadania (R. Carlos Klemtz, 1.700). Associa\u00e7\u00e3o Arepar<\/p>\n\n\n\n<p>7\/6 \u2013 Sexta-feira<br>Regional Cajuru \u2013 Rua da Cidadania (Avenida Prefeito Maur\u00edcio Fruet, 2.150). Associa\u00e7\u00e3o Associar<\/p>\n\n\n\n<p>Regional Tatuquara \u2013 Rua da Cidadania (Rua Olivardo Konoriski Bueno.) Associa\u00e7\u00e3o Terra Santa<\/p>\n\n\n\n<p>8\/6 \u2013 S\u00e1bado<br>Parque Barigui \u2013 parceria com Sescap-PR \u2013 Estacionamento BR-277. Associa\u00e7\u00e3o Acat Graciosa e Acuba<\/p>\n\n\n\n<p>13\/6 \u2013 Quinta-feira<br>Pra\u00e7a Nossa Senhora da Salete \u2013 parceria com Conseg Centro C\u00edvico. Associa\u00e7\u00e3o Associar<\/p>\n\n\n\n<p>BemParana<\/p>\n","protected":false},"excerpt":{"rendered":"<p>Garantir a destina\u00e7\u00e3o correta de equipamentos eletroeletr\u00f4nicos fora de funcionamento vai ser mais f\u00e1cil em junho. As dez regionais de Curitiba far\u00e3o recolhimento destes materiais nas primeiras semanas do m\u00eas. A a\u00e7\u00e3o faz parte da programa\u00e7\u00e3o da Secretaria Municipal do Meio Ambiente em comemora\u00e7\u00e3o ao m\u00eas do Meio Ambiente. Podem ser levados computadores, monitores, impressoras, [&hellip;]<\/p>\n","protected":false},"author":2,"featured_media":12049,"comment_status":"open","ping_status":"open","sticky":false,"template":"","format":"standard","meta":{"advanced_seo_description":"","jetpack_seo_html_title":"","jetpack_seo_noindex":false,"_jetpack_memberships_contains_paid_content":false,"footnotes":""},"categories":[43],"tags":[],"class_list":{"0":"post-12048","1":"post","2":"type-post","3":"status-publish","4":"format-standard","5":"has-post-thumbnail","7":"category-cotidiano"},"jetpack_featured_media_url":"https:\/\/www.paranapraia.com.br\/wp-content\/uploads\/2019\/05\/ll.jpg","jetpack_sharing_enabled":true,"_links":{"self":[{"href":"https:\/\/www.paranapraia.com.br\/index.php\/wp-json\/wp\/v2\/posts\/12048"}],"collection":[{"href":"https:\/\/www.paranapraia.com.br\/index.php\/wp-json\/wp\/v2\/posts"}],"about":[{"href":"https:\/\/www.paranapraia.com.br\/index.php\/wp-json\/wp\/v2\/types\/post"}],"author":[{"embeddable":true,"href":"https:\/\/www.paranapraia.com.br\/index.php\/wp-json\/wp\/v2\/users\/2"}],"replies":[{"embeddable":true,"href":"https:\/\/www.paranapraia.com.br\/index.php\/wp-json\/wp\/v2\/comments?post=12048"}],"version-history":[{"count":1,"href":"https:\/\/www.paranapraia.com.br\/index.php\/wp-json\/wp\/v2\/posts\/12048\/revisions"}],"predecessor-version":[{"id":12050,"href":"https:\/\/www.paranapraia.com.br\/index.php\/wp-json\/wp\/v2\/posts\/12048\/revisions\/12050"}],"wp:featuredmedia":[{"embeddable":true,"href":"https:\/\/www.paranapraia.com.br\/index.php\/wp-json\/wp\/v2\/media\/12049"}],"wp:attachment":[{"href":"https:\/\/www.paranapraia.com.br\/index.php\/wp-json\/wp\/v2\/media?parent=12048"}],"wp:term":[{"taxonomy":"category","embeddable":true,"href":"https:\/\/www.paranapraia.com.br\/index.php\/wp-json\/wp\/v2\/categories?post=12048"},{"taxonomy":"post_tag","embeddable":true,"href":"https:\/\/www.paranapraia.com.br\/index.php\/wp-json\/wp\/v2\/tags?post=12048"}],"curies":[{"name":"wp","href":"https:\/\/api.w.org\/{rel}","templated":true}]}}