{"id":11775,"date":"2019-05-27T15:40:28","date_gmt":"2019-05-27T18:40:28","guid":{"rendered":"https:\/\/www.paranapraia.com.br\/?p=11775"},"modified":"2019-05-27T15:40:29","modified_gmt":"2019-05-27T18:40:29","slug":"governo-vai-abrir-mais-8-mil-vagas-em-presidios-no-parana-saiba-os-locais-das-novas-unidades","status":"publish","type":"post","link":"https:\/\/www.paranapraia.com.br\/index.php\/2019\/05\/27\/governo-vai-abrir-mais-8-mil-vagas-em-presidios-no-parana-saiba-os-locais-das-novas-unidades\/","title":{"rendered":"Governo vai abrir mais 8 mil vagas em pres\u00eddios no Paran\u00e1; saiba os locais das novas unidades"},"content":{"rendered":"\n<h4 class=\"wp-block-heading\">Unidade em Jacarezinho (Norte Pioneiro) foi descartada pelo Governo<\/h4>\n\n\n\n<p>O Governo do Paran\u00e1 vai abrir&nbsp;<strong>oito mil novas vagas em pres\u00eddios<\/strong>&nbsp;no estado, o que deve diminuir o d\u00e9ficit no setor penitenci\u00e1rio em quase 70%. A informa\u00e7\u00e3o foi repassada \u00e0 Banda B pelo diretor do Departamento Penitenci\u00e1rio (Depen),&nbsp;<strong>Francisco Caricati.<\/strong>&nbsp;Segundo ele, faltam 12 mil vagas no Paran\u00e1 ,o que tem provocado a superlota\u00e7\u00e3o, principalmente em delegacias.<\/p>\n\n\n\n<p>\u201cHoje temos uma demanda por 12 mil novas vagas em pres\u00eddios. Agora, com esta amplia\u00e7\u00e3o de oito mil novas vagas, ficaremos com um d\u00e9ficit de quatro mil. Mas \u00e9 importante ressaltar que a quest\u00e3o penitenci\u00e1ria tanto no Paran\u00e1 quanto no brasil n\u00e3o passa apenas pela abertura de novas vagas em pres\u00eddios. \u00c9 preciso ver tamb\u00e9m o que est\u00e1 gerando esta superlota\u00e7\u00e3o. Um exemplo vem da quest\u00e3o dos presos provis\u00f3rios, que ainda tiveram a situa\u00e7\u00e3o definida na Justi\u00e7a. Hoje, no Paran\u00e1, 53% dos detentos est\u00e3o nesta situa\u00e7\u00e3o diante de uma m\u00e9dia nacional para casos assim de 25%\u201d, pontua Caricati.<\/p>\n\n\n\n<h1 class=\"wp-block-heading\">Locais<\/h1>\n\n\n\n<p>O diretor do Depen explica quais cidades receber\u00e3o as novas unidades. \u201cJ\u00e1 temos locais definidos com terreno reservado em Umuarama, Ponta Grossa, Londrina, Foz do Igua\u00e7u, Gua\u00edra e Campo Mour\u00e3o. Tamb\u00e9m teremos uma unidade j\u00e1 definida em Uni\u00e3o da Vit\u00f3ria, mas ainda faltam detalhes do terreno, al\u00e9m da amplia\u00e7\u00e3o de algumas unidades, entre elas Piraquara\u201d, disse o diretor.<\/p>\n\n\n\n<p>BandaB<\/p>\n","protected":false},"excerpt":{"rendered":"<p>Unidade em Jacarezinho (Norte Pioneiro) foi descartada pelo Governo O Governo do Paran\u00e1 vai abrir&nbsp;oito mil novas vagas em pres\u00eddios&nbsp;no estado, o que deve diminuir o d\u00e9ficit no setor penitenci\u00e1rio em quase 70%. A informa\u00e7\u00e3o foi repassada \u00e0 Banda B pelo diretor do Departamento Penitenci\u00e1rio (Depen),&nbsp;Francisco Caricati.&nbsp;Segundo ele, faltam 12 mil vagas no Paran\u00e1 ,o [&hellip;]<\/p>\n","protected":false},"author":2,"featured_media":11776,"comment_status":"open","ping_status":"open","sticky":false,"template":"","format":"standard","meta":{"advanced_seo_description":"","jetpack_seo_html_title":"","jetpack_seo_noindex":false,"_jetpack_memberships_contains_paid_content":false,"footnotes":""},"categories":[43],"tags":[],"class_list":{"0":"post-11775","1":"post","2":"type-post","3":"status-publish","4":"format-standard","5":"has-post-thumbnail","7":"category-cotidiano"},"jetpack_featured_media_url":"https:\/\/www.paranapraia.com.br\/wp-content\/uploads\/2019\/05\/ois.jpg","jetpack_sharing_enabled":true,"_links":{"self":[{"href":"https:\/\/www.paranapraia.com.br\/index.php\/wp-json\/wp\/v2\/posts\/11775"}],"collection":[{"href":"https:\/\/www.paranapraia.com.br\/index.php\/wp-json\/wp\/v2\/posts"}],"about":[{"href":"https:\/\/www.paranapraia.com.br\/index.php\/wp-json\/wp\/v2\/types\/post"}],"author":[{"embeddable":true,"href":"https:\/\/www.paranapraia.com.br\/index.php\/wp-json\/wp\/v2\/users\/2"}],"replies":[{"embeddable":true,"href":"https:\/\/www.paranapraia.com.br\/index.php\/wp-json\/wp\/v2\/comments?post=11775"}],"version-history":[{"count":1,"href":"https:\/\/www.paranapraia.com.br\/index.php\/wp-json\/wp\/v2\/posts\/11775\/revisions"}],"predecessor-version":[{"id":11777,"href":"https:\/\/www.paranapraia.com.br\/index.php\/wp-json\/wp\/v2\/posts\/11775\/revisions\/11777"}],"wp:featuredmedia":[{"embeddable":true,"href":"https:\/\/www.paranapraia.com.br\/index.php\/wp-json\/wp\/v2\/media\/11776"}],"wp:attachment":[{"href":"https:\/\/www.paranapraia.com.br\/index.php\/wp-json\/wp\/v2\/media?parent=11775"}],"wp:term":[{"taxonomy":"category","embeddable":true,"href":"https:\/\/www.paranapraia.com.br\/index.php\/wp-json\/wp\/v2\/categories?post=11775"},{"taxonomy":"post_tag","embeddable":true,"href":"https:\/\/www.paranapraia.com.br\/index.php\/wp-json\/wp\/v2\/tags?post=11775"}],"curies":[{"name":"wp","href":"https:\/\/api.w.org\/{rel}","templated":true}]}}