{"id":11769,"date":"2019-05-27T15:35:20","date_gmt":"2019-05-27T18:35:20","guid":{"rendered":"https:\/\/www.paranapraia.com.br\/?p=11769"},"modified":"2019-05-27T15:35:23","modified_gmt":"2019-05-27T18:35:23","slug":"porca-de-300-kg-que-mora-em-casa-no-centro-de-cidade-paranaense-vira-caso-de-policia","status":"publish","type":"post","link":"https:\/\/www.paranapraia.com.br\/index.php\/2019\/05\/27\/porca-de-300-kg-que-mora-em-casa-no-centro-de-cidade-paranaense-vira-caso-de-policia\/","title":{"rendered":"Porca de 300 kg que mora em casa no Centro de cidade paranaense vira caso de pol\u00edcia"},"content":{"rendered":"\n<h4 class=\"wp-block-heading\">O forte cheiro vindo da resid\u00eancia e os lixos deixados na rua foram o motivo<\/h4>\n\n\n\n<p>Com 300 kg, a porca Helena ganhou repercuss\u00e3o nacional ap\u00f3s ser criada pela dona em uma casa no Centro de Santo Ant\u00f4nio da Platina, no Norte Pioneiro. Agora, o animal virou<strong>\u00a0caso de pol\u00edcia,<\/strong>\u00a0depois que uma vizinha fez uma den\u00fancia \u00e0 delegacia por crime ambiental. O forte cheiro vindo da resid\u00eancia e os lixos deixados na rua foram o motivo. A partir da\u00ed, um novo Boletim de Ocorr\u00eancia\u00a0<strong>por amea\u00e7a<\/strong>\u00a0tamb\u00e9m foi realizado<\/p>\n\n\n\n<p>Tudo come\u00e7ou ap\u00f3s a dona da porca saber do BO feito pela vizinha e postar na rede social Facebook, gerando uma intensa discuss\u00e3o na internet. A partir da\u00ed, a pessoa que fez a den\u00fancia afirmou que passou a ser amea\u00e7ada. \u201cEu nunca falei que queria que a porca sa\u00edsse, tenho animais adotados e entendo o lado do afeto. O problema \u00e9 que ela colocava lixo na frente da minha casa, entre outros problemas de vizinhan\u00e7a e mau cheiro. N\u00e3o queria que virasse um caso de pol\u00edcia\u201d.<\/p>\n\n\n\n<p>Segundo o delegado Rafael Guimar\u00e3es, respons\u00e1vel pela investiga\u00e7\u00e3o do caso, como a porca \u00e9 muita querida na regi\u00e3o houve uma como\u00e7\u00e3o na internet. \u201cA vizinha reclamou do mau cheiro, barulho do porco e fez o BO, para apura\u00e7\u00e3o da situa\u00e7\u00e3o. Da\u00ed isso repercutiu, depois que a vizinha da porca se manifestou em rede social, com a denunciante sendo criticada e sofrendo amea\u00e7as. Ela relata que chegaram a jogar bomba na casa dela\u201d, descreveu.<\/p>\n\n\n\n<p>Ainda de acordo com o delegado, a pol\u00edcia vai investigar as amea\u00e7as feitas \u00e0 denunciante. \u201cAs pessoas que fizeram isso responder\u00e3o a procedimento criminal, porque isso \u00e9 crime tamb\u00e9m. Se identificadas, elas ser\u00e3o chamadas \u00e0 delegacia\u201d, concluiu.<\/p>\n\n\n\n<p>A reportagem tentou contato via telefone com a dona da porca, entretanto ningu\u00e9m atendeu. O espa\u00e7o est\u00e1 aberto para a vers\u00e3o dela para o caso.<\/p>\n\n\n\n<p>BandaB<\/p>\n\n\n\n<p>.<br><\/p>\n","protected":false},"excerpt":{"rendered":"<p>O forte cheiro vindo da resid\u00eancia e os lixos deixados na rua foram o motivo Com 300 kg, a porca Helena ganhou repercuss\u00e3o nacional ap\u00f3s ser criada pela dona em uma casa no Centro de Santo Ant\u00f4nio da Platina, no Norte Pioneiro. Agora, o animal virou\u00a0caso de pol\u00edcia,\u00a0depois que uma vizinha fez uma den\u00fancia \u00e0 [&hellip;]<\/p>\n","protected":false},"author":2,"featured_media":11770,"comment_status":"open","ping_status":"open","sticky":false,"template":"","format":"standard","meta":{"advanced_seo_description":"","jetpack_seo_html_title":"","jetpack_seo_noindex":false,"_jetpack_memberships_contains_paid_content":false,"footnotes":""},"categories":[33],"tags":[],"class_list":{"0":"post-11769","1":"post","2":"type-post","3":"status-publish","4":"format-standard","5":"has-post-thumbnail","7":"category-policia"},"jetpack_featured_media_url":"https:\/\/www.paranapraia.com.br\/wp-content\/uploads\/2019\/05\/porca.jpg","jetpack_sharing_enabled":true,"_links":{"self":[{"href":"https:\/\/www.paranapraia.com.br\/index.php\/wp-json\/wp\/v2\/posts\/11769"}],"collection":[{"href":"https:\/\/www.paranapraia.com.br\/index.php\/wp-json\/wp\/v2\/posts"}],"about":[{"href":"https:\/\/www.paranapraia.com.br\/index.php\/wp-json\/wp\/v2\/types\/post"}],"author":[{"embeddable":true,"href":"https:\/\/www.paranapraia.com.br\/index.php\/wp-json\/wp\/v2\/users\/2"}],"replies":[{"embeddable":true,"href":"https:\/\/www.paranapraia.com.br\/index.php\/wp-json\/wp\/v2\/comments?post=11769"}],"version-history":[{"count":1,"href":"https:\/\/www.paranapraia.com.br\/index.php\/wp-json\/wp\/v2\/posts\/11769\/revisions"}],"predecessor-version":[{"id":11771,"href":"https:\/\/www.paranapraia.com.br\/index.php\/wp-json\/wp\/v2\/posts\/11769\/revisions\/11771"}],"wp:featuredmedia":[{"embeddable":true,"href":"https:\/\/www.paranapraia.com.br\/index.php\/wp-json\/wp\/v2\/media\/11770"}],"wp:attachment":[{"href":"https:\/\/www.paranapraia.com.br\/index.php\/wp-json\/wp\/v2\/media?parent=11769"}],"wp:term":[{"taxonomy":"category","embeddable":true,"href":"https:\/\/www.paranapraia.com.br\/index.php\/wp-json\/wp\/v2\/categories?post=11769"},{"taxonomy":"post_tag","embeddable":true,"href":"https:\/\/www.paranapraia.com.br\/index.php\/wp-json\/wp\/v2\/tags?post=11769"}],"curies":[{"name":"wp","href":"https:\/\/api.w.org\/{rel}","templated":true}]}}