{"id":11766,"date":"2019-05-27T15:33:46","date_gmt":"2019-05-27T18:33:46","guid":{"rendered":"https:\/\/www.paranapraia.com.br\/?p=11766"},"modified":"2019-05-27T15:33:48","modified_gmt":"2019-05-27T18:33:48","slug":"aviao-com-cantor-gabriel-diniz-do-hit-jenifer-cai-no-nordeste","status":"publish","type":"post","link":"https:\/\/www.paranapraia.com.br\/index.php\/2019\/05\/27\/aviao-com-cantor-gabriel-diniz-do-hit-jenifer-cai-no-nordeste\/","title":{"rendered":"Avi\u00e3o com cantor Gabriel Diniz, do hit \u2018Jenifer\u2019, cai no Nordeste"},"content":{"rendered":"\n<h4 class=\"wp-block-heading\">A produ\u00e7\u00e3o do artista confirmou que ele pegou um voo fretado nesta segunda de Salvador<\/h4>\n\n\n\n<p>O avi\u00e3o em que voava o cantor Gabriel Diniz, 28, caiu no in\u00edcio da tarde desta segunda-feira (27) na regi\u00e3o de manguezal no Porto do Mato, em Sergipe.<\/p>\n\n\n\n<p>A assessoria do cantor, lembrado pelo hit \u201cJenifer\u201d, confirmou que o cantor estava dentro do avi\u00e3o que vinha de Feira de Santana, na Bahia. Documentos do cantor, como o passaporte, foram encontrados na regi\u00e3o.<\/p>\n\n\n\n<p>\u201cEstamos apurando tudo, a \u00fanica coisa \u00e9 que podemos confirmar \u00e9 que ele estava no voo\u201d, diz a assessoria do cantor. \u201cN\u00e3o temos ainda mais informa\u00e7\u00f5es\u201d.<\/p>\n\n\n\n<p>Natural de Campo Grande, no Mato Grosso do Sul, Gabriel Diniz se tornou nacionalmente conhecido pelo single \u201cJenifer\u201d, cujo clipe continha a atriz Mariana Xavier. A can\u00e7\u00e3o entrou rapidamente na lista dos maiores hits da m\u00fasica nacional e foi um dos maiores sucessos do Carnaval.<\/p>\n\n\n\n<p>\u201cMe sinto aben\u00e7oado por Deus ter posto \u2018Jenifer\u2019 em minhas m\u00e3os\u201d, chegou a dizer Diniz em entrevista \u00e0 Folha de S.Paulo.<\/p>\n\n\n\n<p>Escrita por um coletivo de Goi\u00e2nia, a composi\u00e7\u00e3o foi oferecida a expoentes da m\u00fasica extremamente popular brasileira, como Wesley Safad\u00e3o e Gusttavo Lima, que a rejeitaram por destoar de suas esticas de mo\u00e7os de fam\u00edlia.<\/p>\n\n\n\n<h2 class=\"wp-block-heading\">Cristiano Ara\u00fajo e dupla<\/h2>\n\n\n\n<p>Se for confirmada a morte de Gabriel Diniz, n\u00e3o ser\u00e1 a primeira vez que um jovem cantor morreu no auge do sucesso. Em 2015, o tamb\u00e9m sertanejo Cristiano Ara\u00fajo, 29, e sua namorada, Allana Moraes, 19, morreram em um acidente em Morrinhos (GO). A Range Rover ocupado pelas v\u00edtimas capotou. O motorista do cantor foi inocentado pela Justi\u00e7a, por considerar que n\u00e3o houve inten\u00e7\u00e3o.<\/p>\n\n\n\n<p>Cristiano Ara\u00fajo voltava de um show em Itumbiara (a 200 km de Goi\u00e2nia) com sua namorada, quando o ve\u00edculo em que eles estavam, uma Land Rover, saiu da pista na altura do km 614 da rodovia e capotou no canteiro central por volta das 3h15. Segundo a Pol\u00edcia Rodovi\u00e1ria Federal, o casal estava sentado no banco de tr\u00e1s do ve\u00edculo.<\/p>\n\n\n\n<p>O m\u00fasico chegou a ser socorrido e levado em estado grave para o Hospital Municipal de Morrinhos, onde recebeu os primeiros atendimentos. Depois foi transferido de helic\u00f3ptero para Goi\u00e2nia, mas chegou ao Hospital de Urg\u00eancia com morte encef\u00e1lica. Cristiano deixa dois filhos, Jo\u00e3o Gabriel e Bernardo. A namorada foi atirada para fora do ve\u00edculo, n\u00e3o resistiu aos ferimentos e morreu ainda no local do acidente.<\/p>\n\n\n\n<p>Outra dupla sertaneja foi v\u00edtima de um acidente fatal, no ano passado. Os irm\u00e3os F\u00e1bio Ant\u00f4nio Tom\u00e9, 31, e Guilherme Aramis Tom\u00e9, 26, que formavam a dupla sertaneja F\u00e1bio &amp; Guilherme, tamb\u00e9m conhecida como \u201cOs Gordinhos\u201d, morreram em um acidente na Rodovia Altino Arantes, em Batatais (354 km de SP).<\/p>\n\n\n\n<p>O carro em que os irm\u00e3os estavam, um Honda Civic, invadiu a pista contr\u00e1ria e bateu de frente com um caminh\u00e3o. Os dois ve\u00edculos foram parar no mato, ao lado do acostamento. O autom\u00f3vel ficou prensado embaixo do caminh\u00e3o.<\/p>\n\n\n\n<p>BandaB<\/p>\n","protected":false},"excerpt":{"rendered":"<p>A produ\u00e7\u00e3o do artista confirmou que ele pegou um voo fretado nesta segunda de Salvador O avi\u00e3o em que voava o cantor Gabriel Diniz, 28, caiu no in\u00edcio da tarde desta segunda-feira (27) na regi\u00e3o de manguezal no Porto do Mato, em Sergipe. A assessoria do cantor, lembrado pelo hit \u201cJenifer\u201d, confirmou que o cantor [&hellip;]<\/p>\n","protected":false},"author":2,"featured_media":11767,"comment_status":"open","ping_status":"open","sticky":false,"template":"","format":"standard","meta":{"advanced_seo_description":"","jetpack_seo_html_title":"","jetpack_seo_noindex":false,"_jetpack_memberships_contains_paid_content":false,"footnotes":""},"categories":[40],"tags":[],"class_list":{"0":"post-11766","1":"post","2":"type-post","3":"status-publish","4":"format-standard","5":"has-post-thumbnail","7":"category-destaques"},"jetpack_featured_media_url":"https:\/\/www.paranapraia.com.br\/wp-content\/uploads\/2019\/05\/gabriel.jpeg","jetpack_sharing_enabled":true,"_links":{"self":[{"href":"https:\/\/www.paranapraia.com.br\/index.php\/wp-json\/wp\/v2\/posts\/11766"}],"collection":[{"href":"https:\/\/www.paranapraia.com.br\/index.php\/wp-json\/wp\/v2\/posts"}],"about":[{"href":"https:\/\/www.paranapraia.com.br\/index.php\/wp-json\/wp\/v2\/types\/post"}],"author":[{"embeddable":true,"href":"https:\/\/www.paranapraia.com.br\/index.php\/wp-json\/wp\/v2\/users\/2"}],"replies":[{"embeddable":true,"href":"https:\/\/www.paranapraia.com.br\/index.php\/wp-json\/wp\/v2\/comments?post=11766"}],"version-history":[{"count":1,"href":"https:\/\/www.paranapraia.com.br\/index.php\/wp-json\/wp\/v2\/posts\/11766\/revisions"}],"predecessor-version":[{"id":11768,"href":"https:\/\/www.paranapraia.com.br\/index.php\/wp-json\/wp\/v2\/posts\/11766\/revisions\/11768"}],"wp:featuredmedia":[{"embeddable":true,"href":"https:\/\/www.paranapraia.com.br\/index.php\/wp-json\/wp\/v2\/media\/11767"}],"wp:attachment":[{"href":"https:\/\/www.paranapraia.com.br\/index.php\/wp-json\/wp\/v2\/media?parent=11766"}],"wp:term":[{"taxonomy":"category","embeddable":true,"href":"https:\/\/www.paranapraia.com.br\/index.php\/wp-json\/wp\/v2\/categories?post=11766"},{"taxonomy":"post_tag","embeddable":true,"href":"https:\/\/www.paranapraia.com.br\/index.php\/wp-json\/wp\/v2\/tags?post=11766"}],"curies":[{"name":"wp","href":"https:\/\/api.w.org\/{rel}","templated":true}]}}