{"id":11598,"date":"2019-05-24T19:54:27","date_gmt":"2019-05-24T22:54:27","guid":{"rendered":"https:\/\/www.paranapraia.com.br\/?p=11598"},"modified":"2019-05-24T19:54:27","modified_gmt":"2019-05-24T22:54:27","slug":"marinha-alerta-para-perigo-de-ventos-de-ate-102-km-h-no-litoral-de-sexta-a-domingo","status":"publish","type":"post","link":"https:\/\/www.paranapraia.com.br\/index.php\/2019\/05\/24\/marinha-alerta-para-perigo-de-ventos-de-ate-102-km-h-no-litoral-de-sexta-a-domingo\/","title":{"rendered":"Marinha alerta para perigo de ventos de at\u00e9 102 km\/h no Litoral de sexta a domingo"},"content":{"rendered":"\n<p> A Marinha do Brasil, por meio do Centro de Hidrografia da Marinha (CHM), informa que a passagem de uma frente fria pelas regi\u00f5es Sul e Sudeste do pa\u00eds poder\u00e1 provocar ventos de dire\u00e7\u00e3o Noroeste a Sudoeste, com intensidades de at\u00e9 102 km\/h. Os ventos poder\u00e3o ocorrer \u00a0entre o litoral norte de Santa  (SC) e o litoral sul do Rio de Janeiro (RJ), entre o dia 24 pela manh\u00e3 e o dia 26 \u00e0 noite. H\u00e1 condi\u00e7\u00f5es favor\u00e1veis \u00e0 ocorr\u00eancia de ressaca entre o litoral das cidades de Torres (RS) e S\u00e3o Francisco do Sul (SC), com ondas de Sul a Sudeste, entre 2,5 e 3,0 metros, entre o dia 24 pela manh\u00e3 e o dia 25  pela manh\u00e3 e o dia 26 pela manh\u00e3. A Marinha do Brasil mant\u00e9m todos os avisos de mau tempo em vigor no endere\u00e7o eletr\u00f4nico\u00a0https:\/\/www.marinha.mil.br\/chm\/dados-do-smm-avisos-de-mau-tempo\/avisos-de-mau-tempo \u00a0Adicionalmente, as informa\u00e7\u00f5es meteorol\u00f3gicas podem ser visualizadas na p\u00e1gina do Servi\u00e7o Meteorol\u00f3gico Marinho no Facebook, no link: https:\/\/www.facebook.com\/servicometeorologicomb\/, e por meio do aplicativo &#8220;Boletim ao Mar&#8221;, dispon\u00edvel para download na internet, tanto para o sistema Android quanto para iOS, desenvolvido em parceria entre a Marinha do Brasil e o Instituto Rumo ao Mar (RUMAR)<\/p>\n\n\n\n<p>Folha do Litoral<\/p>\n","protected":false},"excerpt":{"rendered":"<p>A Marinha do Brasil, por meio do Centro de Hidrografia da Marinha (CHM), informa que a passagem de uma frente fria pelas regi\u00f5es Sul e Sudeste do pa\u00eds poder\u00e1 provocar ventos de dire\u00e7\u00e3o Noroeste a Sudoeste, com intensidades de at\u00e9 102 km\/h. Os ventos poder\u00e3o ocorrer \u00a0entre o litoral norte de Santa (SC) e o [&hellip;]<\/p>\n","protected":false},"author":2,"featured_media":11599,"comment_status":"open","ping_status":"open","sticky":false,"template":"","format":"standard","meta":{"advanced_seo_description":"","jetpack_seo_html_title":"","jetpack_seo_noindex":false,"_jetpack_memberships_contains_paid_content":false,"footnotes":""},"categories":[34],"tags":[],"class_list":{"0":"post-11598","1":"post","2":"type-post","3":"status-publish","4":"format-standard","5":"has-post-thumbnail","7":"category-meio-ambiente"},"jetpack_featured_media_url":"https:\/\/www.paranapraia.com.br\/wp-content\/uploads\/2019\/05\/alertamarinha103582.jpg","jetpack_sharing_enabled":true,"_links":{"self":[{"href":"https:\/\/www.paranapraia.com.br\/index.php\/wp-json\/wp\/v2\/posts\/11598"}],"collection":[{"href":"https:\/\/www.paranapraia.com.br\/index.php\/wp-json\/wp\/v2\/posts"}],"about":[{"href":"https:\/\/www.paranapraia.com.br\/index.php\/wp-json\/wp\/v2\/types\/post"}],"author":[{"embeddable":true,"href":"https:\/\/www.paranapraia.com.br\/index.php\/wp-json\/wp\/v2\/users\/2"}],"replies":[{"embeddable":true,"href":"https:\/\/www.paranapraia.com.br\/index.php\/wp-json\/wp\/v2\/comments?post=11598"}],"version-history":[{"count":1,"href":"https:\/\/www.paranapraia.com.br\/index.php\/wp-json\/wp\/v2\/posts\/11598\/revisions"}],"predecessor-version":[{"id":11600,"href":"https:\/\/www.paranapraia.com.br\/index.php\/wp-json\/wp\/v2\/posts\/11598\/revisions\/11600"}],"wp:featuredmedia":[{"embeddable":true,"href":"https:\/\/www.paranapraia.com.br\/index.php\/wp-json\/wp\/v2\/media\/11599"}],"wp:attachment":[{"href":"https:\/\/www.paranapraia.com.br\/index.php\/wp-json\/wp\/v2\/media?parent=11598"}],"wp:term":[{"taxonomy":"category","embeddable":true,"href":"https:\/\/www.paranapraia.com.br\/index.php\/wp-json\/wp\/v2\/categories?post=11598"},{"taxonomy":"post_tag","embeddable":true,"href":"https:\/\/www.paranapraia.com.br\/index.php\/wp-json\/wp\/v2\/tags?post=11598"}],"curies":[{"name":"wp","href":"https:\/\/api.w.org\/{rel}","templated":true}]}}