{"id":11494,"date":"2019-05-24T14:41:34","date_gmt":"2019-05-24T17:41:34","guid":{"rendered":"https:\/\/www.paranapraia.com.br\/?p=11494"},"modified":"2019-05-24T14:41:35","modified_gmt":"2019-05-24T17:41:35","slug":"bolsonaro-fala-em-acabar-com-radares-moveis-nas-estradas-federais-decisao-da-justica-impede-retirada","status":"publish","type":"post","link":"https:\/\/www.paranapraia.com.br\/index.php\/2019\/05\/24\/bolsonaro-fala-em-acabar-com-radares-moveis-nas-estradas-federais-decisao-da-justica-impede-retirada\/","title":{"rendered":"Bolsonaro fala em &#8216;acabar com radares m\u00f3veis&#8217; nas estradas federais; decis\u00e3o da Justi\u00e7a impede retirada"},"content":{"rendered":"\n<h4 class=\"wp-block-heading\">Presidente abordou o tema em passagem pelo Paran\u00e1, nesta quinta (23). Segundo ele, equipamentos s\u00e3o &#8220;armadilha&#8221; para pegar os motoristas.<\/h4>\n\n\n\n<p>O presidente Jair Bolsonaro disse nesta quinta-feira (23) em Cascavel (PR) que pretende &#8220;acabar&#8221; com a fiscaliza\u00e7\u00e3o por radares m\u00f3veis nas rodovias federais do pa\u00eds. Ele disse que conversou com o ministro S\u00e9rgio Moro (Justi\u00e7a e Seguran\u00e7a P\u00fablica) a respeito; a Pol\u00edcia Rodovi\u00e1ria Federal (PRF) est\u00e1 subordinada a Moro.<\/p>\n\n\n\n<blockquote class=\"wp-block-quote is-layout-flow wp-block-quote-is-layout-flow\"><p>\u201cN\u00f3s temos pardal escondido atr\u00e1s da \u00e1rvore. Ent\u00e3o, agora, conversando com o Sergio Moro, que a PRF est\u00e1 com ele tamb\u00e9m, n\u00f3s queremos acabar com os radares m\u00f3veis tamb\u00e9m, que \u00e9 uma armadilha para pegar os motoristas\u201d, disse Bolsonaro, sem dar detalhes.<\/p><\/blockquote>\n\n\n\n<p>A opera\u00e7\u00e3o de radares m\u00f3veis nas rodovias federais cabe \u00e0 PRF.<\/p>\n\n\n\n<p>Uma decis\u00e3o em vigor da Justi\u00e7a Federal, por\u00e9m,&nbsp;<a href=\"https:\/\/g1.globo.com\/carros\/noticia\/2019\/04\/10\/juiza-do-df-manda-uniao-manter-radares-e-renovar-contratos-sob-pena-de-multa-diaria-de-r-50-mil.ghtml\">pro\u00edbe a retirada ou substitui\u00e7\u00e3o de radares de rodovias federais<\/a>&nbsp;&#8211;exceto se estiverem danificados. A senten\u00e7a \u00e9 de 10 de abril, da ju\u00edza Diana Wanderlei, da 5\u00aa Vara Federal de Bras\u00edlia.<\/p>\n\n\n\n<figure class=\"wp-block-image\"><img loading=\"lazy\" decoding=\"async\" width=\"25\" height=\"3\" src=\"https:\/\/www.paranapraia.com.br\/wp-content\/uploads\/2019\/05\/image-118.jpeg\" alt=\"\" class=\"wp-image-11495\"\/><\/figure>\n\n\n\n<figure class=\"wp-block-image\"><img decoding=\"async\" src=\"https:\/\/s2.glbimg.com\/5Jn9AL4btSvuCK-qHWYDeFqXiR0=\/0x0:618x85\/984x0\/smart\/filters:strip_icc()\/i.s3.glbimg.com\/v1\/AUTH_59edd422c0c84a879bd37670ae4f538a\/internal_photos\/bs\/2019\/a\/i\/QE6u13RauJ9HOg2RoZag\/capturar.jpg\" alt=\"Trecho de decis\u00e3o que pro\u00edbe retirada de radares das rodovias federais  \u2014 Foto: Reprodu\u00e7\u00e3o\/G1\"\/><\/figure>\n\n\n\n<p>Trecho de decis\u00e3o que pro\u00edbe retirada de radares das rodovias federais \u2014 Foto: Reprodu\u00e7\u00e3o\/G1<\/p>\n\n\n\n<p>A decis\u00e3o foi dada ap\u00f3s outra decis\u00e3o do governo federal, de 1\u00ba de abril,<a href=\"https:\/\/g1.globo.com\/carros\/noticia\/2019\/04\/01\/ministerio-informa-que-suspendeu-instalacao-de-radares-em-rodovias-federais-apos-ordem-de-bolsonaro.ghtml\">na qual o Minist\u00e9rio da Infraestrutura suspendeu a instala\u00e7\u00e3o de radares<\/a>&nbsp;fixos em rodovias federais n\u00e3o-concedidas \u00e0 iniciativa privada ap\u00f3s ordem do presidente Jair Bolsonaro.<\/p>\n\n\n\n<p>A ju\u00edza proibiu a retirada dos radares e determinou a renova\u00e7\u00e3o por 60 dias de contratos em vias de vencer com as fornecedoras dos radares.&nbsp;<a href=\"https:\/\/g1.globo.com\/carros\/noticia\/2019\/05\/14\/dnit-negocia-acordo-em-processo-contra-suspensao-dos-radares-nas-rodovias-federais.ghtml\">O Departamento Nacional de Infraestrutura de Transportes (Dnit) negocia&nbsp;<\/a>com o Minist\u00e9rio P\u00fablico Federal um acordo no processo.<\/p>\n\n\n\n<p>Em Cascavel, Bolsonaro associou a iniciativa de retirar os radares fixos das estradas \u00e0 queda dos acidentes durante o feriado da Semana Santa.<\/p>\n\n\n\n<p>&#8220;Voc\u00ea pode ver, n\u00e3o sei se \u00e9 coincid\u00eancia ou n\u00e3o, mas anunciamos isso h\u00e1 mais ou menos dois meses e por ocasi\u00e3o do feriad\u00e3o da Semana Santa, diminuiu em torno de 15% os acidentes nas estradas. Voc\u00ea tem que estar preocupado \u00e9 com a sinuosidade das estradas e n\u00f3s temos pardal escondido atr\u00e1s da \u00e1rvore&#8221;, disse.<\/p>\n\n\n\n<h2 class=\"wp-block-heading\">Cr\u00edtica<\/h2>\n\n\n\n<p>O presidente da Comiss\u00e3o de Tr\u00e2nsito da se\u00e7\u00e3o paulista da Ordem dos Advogados do Brasil (OAB-SP), Rosan Coimbra, disse que a remo\u00e7\u00e3o dos radares m\u00f3veis n\u00e3o depende apenas de Bolsonaro.<\/p>\n\n\n\n<blockquote class=\"wp-block-quote is-layout-flow wp-block-quote-is-layout-flow\"><p>&#8220;O radar m\u00f3vel \u00e9 um equipamento imprescind\u00edvel para a fiscaliza\u00e7\u00e3o do tr\u00e2nsito. Esses equipamentos ajudam na fiscaliza\u00e7\u00e3o e controle da velocidade. Eles s\u00e3o colocados conforme estudo pr\u00e9vio. Portanto, qualquer pronunciamento a respeito tem que ser feito de forma individual e n\u00e3o generalizada, sob o risco de cometer erros e provocar uma verdadeira selvageria nas estradas&#8221;.<\/p><\/blockquote>\n\n\n\n<p>Eventuais altera\u00e7\u00f5es nos crit\u00e9rios de coloca\u00e7\u00e3o dos radares devem ser submetidas previamente ao Conselho Nacional de Tr\u00e2nsito, afirmou Coimbra.<\/p>\n\n\n\n<h2 class=\"wp-block-heading\">Estrada do Colono<\/h2>\n\n\n\n<p>Tamb\u00e9m em Cascavel, o presidente disse que, se depender do governo federal,&nbsp;<a href=\"https:\/\/g1.globo.com\/pr\/oeste-sudoeste\/noticia\/2019\/05\/23\/bolsonaro-diz-que-se-depender-do-governo-estrada-do-colono-pode-ser-reaberta.ghtml\">a estrada do Colono pode ser reaberta<\/a>.<\/p>\n\n\n\n<p>O antigo caminho tem cerca de 17,6 km e corta o Parque Nacional do Igua\u00e7u entre os munic\u00edpios de Serran\u00f3polis do Igua\u00e7u, no oeste, e Capanema. A estrada est\u00e1 fechada por determina\u00e7\u00e3o judicial desde 2001.<\/p>\n\n\n\n<p>G1PR<br><\/p>\n","protected":false},"excerpt":{"rendered":"<p>Presidente abordou o tema em passagem pelo Paran\u00e1, nesta quinta (23). Segundo ele, equipamentos s\u00e3o &#8220;armadilha&#8221; para pegar os motoristas. O presidente Jair Bolsonaro disse nesta quinta-feira (23) em Cascavel (PR) que pretende &#8220;acabar&#8221; com a fiscaliza\u00e7\u00e3o por radares m\u00f3veis nas rodovias federais do pa\u00eds. Ele disse que conversou com o ministro S\u00e9rgio Moro (Justi\u00e7a [&hellip;]<\/p>\n","protected":false},"author":2,"featured_media":11496,"comment_status":"open","ping_status":"open","sticky":false,"template":"","format":"standard","meta":{"advanced_seo_description":"","jetpack_seo_html_title":"","jetpack_seo_noindex":false,"_jetpack_memberships_contains_paid_content":false,"footnotes":""},"categories":[32],"tags":[],"class_list":{"0":"post-11494","1":"post","2":"type-post","3":"status-publish","4":"format-standard","5":"has-post-thumbnail","7":"category-politica"},"jetpack_featured_media_url":"https:\/\/www.paranapraia.com.br\/wp-content\/uploads\/2019\/05\/radar.jpg","jetpack_sharing_enabled":true,"_links":{"self":[{"href":"https:\/\/www.paranapraia.com.br\/index.php\/wp-json\/wp\/v2\/posts\/11494"}],"collection":[{"href":"https:\/\/www.paranapraia.com.br\/index.php\/wp-json\/wp\/v2\/posts"}],"about":[{"href":"https:\/\/www.paranapraia.com.br\/index.php\/wp-json\/wp\/v2\/types\/post"}],"author":[{"embeddable":true,"href":"https:\/\/www.paranapraia.com.br\/index.php\/wp-json\/wp\/v2\/users\/2"}],"replies":[{"embeddable":true,"href":"https:\/\/www.paranapraia.com.br\/index.php\/wp-json\/wp\/v2\/comments?post=11494"}],"version-history":[{"count":1,"href":"https:\/\/www.paranapraia.com.br\/index.php\/wp-json\/wp\/v2\/posts\/11494\/revisions"}],"predecessor-version":[{"id":11497,"href":"https:\/\/www.paranapraia.com.br\/index.php\/wp-json\/wp\/v2\/posts\/11494\/revisions\/11497"}],"wp:featuredmedia":[{"embeddable":true,"href":"https:\/\/www.paranapraia.com.br\/index.php\/wp-json\/wp\/v2\/media\/11496"}],"wp:attachment":[{"href":"https:\/\/www.paranapraia.com.br\/index.php\/wp-json\/wp\/v2\/media?parent=11494"}],"wp:term":[{"taxonomy":"category","embeddable":true,"href":"https:\/\/www.paranapraia.com.br\/index.php\/wp-json\/wp\/v2\/categories?post=11494"},{"taxonomy":"post_tag","embeddable":true,"href":"https:\/\/www.paranapraia.com.br\/index.php\/wp-json\/wp\/v2\/tags?post=11494"}],"curies":[{"name":"wp","href":"https:\/\/api.w.org\/{rel}","templated":true}]}}