{"id":11443,"date":"2019-05-23T17:43:04","date_gmt":"2019-05-23T20:43:04","guid":{"rendered":"https:\/\/www.paranapraia.com.br\/?p=11443"},"modified":"2019-05-23T17:43:06","modified_gmt":"2019-05-23T20:43:06","slug":"familia-de-brasileiros-morta-no-chile-tinha-viajado-para-comemorar-aniversario-da-filha","status":"publish","type":"post","link":"https:\/\/www.paranapraia.com.br\/index.php\/2019\/05\/23\/familia-de-brasileiros-morta-no-chile-tinha-viajado-para-comemorar-aniversario-da-filha\/","title":{"rendered":"Fam\u00edlia de brasileiros morta no Chile tinha viajado para comemorar anivers\u00e1rio da filha"},"content":{"rendered":"\n<h4 class=\"wp-block-heading\">Corpos de pai, m\u00e3e, filhos adolescentes e tios foram achados em apartamento no Centro de Santiago. Bombeiros suspeitam de vazamento de g\u00e1s.<\/h4>\n\n\n\n<p>A identidade dos seis brasileiros\u00a0encontrados mortos em um apartamento em Santiago, no Chile, nesta quarta-feira (22), foi informada por uma parente da fam\u00edlia nesta quinta-feira. Cinco das v\u00edtimas eram catarinenses e uma, goiana. A pol\u00edcia ainda n\u00e3o confirmou oficialmente os nomes.<\/p>\n\n\n\n<p>Bombeiros chilenos suspeitam que um vazamento de g\u00e1s tenha causado as mortes. O pr\u00e9dio, que fica no Centro da capital chilena, foi esvaziado durante as opera\u00e7\u00f5es.<\/p>\n\n\n\n<p>De acordo com a Pol\u00edcia Civil de Santa Catarina, a fam\u00edlia estava em Santiago para comemorar o anivers\u00e1rio de um dos filhos, Caroline Nascimento de Souza, que completaria 15 anos na sexta-feira. Uma das v\u00edtimas tamb\u00e9m estava de f\u00e9rias.<\/p>\n\n\n\n<p>Um casal e os dois filhos adolescentes moravam no Balne\u00e1rio de S\u00e3o Miguel em\u00a0Bigua\u00e7u, na Grande Florian\u00f3polis. O governo do estado publicou uma nota de pesar e a prefeitura decretou luto oficial por tr\u00eas dias. O segundo casal, formado pelo irm\u00e3o e a cunhada da m\u00e3e da primeira fam\u00edlia, residia em\u00a0Hortol\u00e2ndia, no interior de S\u00e3o Paulo, desde 2016.<\/p>\n\n\n\n<ul class=\"wp-block-list\"><li>Fabiano de Souza, 41 anos (Pai dos adolescentes e marido de D\u00e9bora. Ele trabalhava como pedreiro e pescador)<\/li><li>D\u00e9bora Muniz Nascimento de Souza, 38 anos (M\u00e3e dos adolescentes e mulher de Fabiano. Ela trabalhava como coordenadora pedag\u00f3gica em uma creche no bairro Estreito, em Florian\u00f3polis)<\/li><li>Karoliny Nascimento de Souza, 14 anos (Filha de Fabiano e D\u00e9bora. Ela completaria 15 anos nesta semana e estudava no 1\u00ba ano do ensino m\u00e9dio, em Florian\u00f3polis)<\/li><li>Felipe Nascimento de Souza, 13 anos (Filho de Fabiano e D\u00e9bora. Ele estudava no 9\u00ba ano do ensino fundamental, em Bigua\u00e7u)<\/li><li>Jonathas Nascimento, 30 anos (Catarinense, irm\u00e3o de D\u00e9bora e marido de Adriane, que residia em Hortol\u00e2ndia. Ele era chefe do Departamento Pessoal do Instituto Adventista de Tecnologia e estava de f\u00e9rias)<\/li><li>Adriane Kruger (Goiana, mulher de Jonathas e morava em Hortol\u00e2ndia. Era formada em engenharia civil)<\/li><\/ul>\n\n\n\n<p>As primeiras informa\u00e7\u00f5es foram repassadas por Noemi Fortunato Nascimento, prima de Jonathas e D\u00e9bora. Ela tamb\u00e9m disse que parte da fam\u00edlia de Santa Catarina busca doa\u00e7\u00e3o de recursos para a viagem.<\/p>\n\n\n\n<p>&#8220;O irm\u00e3o da Drica [Adriane Kruger] est\u00e1 indo hoje para l\u00e1. Por enquanto, ainda n\u00e3o sabemos como ser\u00e1 o traslado, estamos aguardando por mais informa\u00e7\u00f5es&#8221;, explica a prima.<\/p>\n\n\n\n<p>Ainda de acordo com a prima Noemi, a fam\u00edlia tamb\u00e9m est\u00e1 recebendo informa\u00e7\u00f5es do caso por meio de amigos de trabalho de Jonathas, que moram em S\u00e3o Paulo e est\u00e3o em contato com a pol\u00edcia chilena.<\/p>\n\n\n\n<figure class=\"wp-block-image\"><img decoding=\"async\" src=\"https:\/\/s2.glbimg.com\/dyQKLAc0wYMyYCHE5lFe_AqbqCw=\/0x0:916x768\/984x0\/smart\/filters:strip_icc()\/i.s3.glbimg.com\/v1\/AUTH_59edd422c0c84a879bd37670ae4f538a\/internal_photos\/bs\/2019\/7\/i\/XRrMdbSoAXhCnhLiD3AQ\/d6fdc6b8-a00e-4573-93b9-c082514e5021.jpg\" alt=\"Jonathas e Adriana foram encontrados mortos no Chile \u2014 Foto: Noemi Fortunato Nascimento\/Divulga\u00e7\u00e3o\"\/><\/figure>\n\n\n\n<p>Jonathas e Adriana foram encontrados mortos no Chile \u2014 Foto: Noemi Fortunato Nascimento\/Divulga\u00e7\u00e3o<\/p>\n\n\n\n<h2 class=\"wp-block-heading\">M\u00e3e de v\u00edtimas morreu horas antes<\/h2>\n\n\n\n<p>Pouco antes da morte da fam\u00edlia, a m\u00e3e de duas das v\u00edtimas morreu em Santa Catarina. Parentes que estavam no Brasil\u00a0chegaram a comunic\u00e1-los por telefone sobre a morte\u00a0dela, mas perdeu o contato com o grupo logo em seguida.<\/p>\n\n\n\n<p>Iete Isabel Muniz Nascimento morreu de c\u00e2ncer, segundo os familiares. Ela foi velada e cremada nesta manh\u00e3 em\u00a0Palho\u00e7a, na Grande\u00a0Florian\u00f3polis.<\/p>\n\n\n\n<p>O advogado da fam\u00edlia catarinense, Mirivaldo Aquino de Campos,\u00a0tamb\u00e9m confirmou a identidade das v\u00edtimas. &#8220;Vamos primeiro enterrar a m\u00e3e depois vamos ver o que fazer&#8221;, disse o advogado da fam\u00edlia catarinense.<\/p>\n\n\n\n<h2 class=\"wp-block-heading\">Mortes no Chile<\/h2>\n\n\n\n<figure class=\"wp-block-image\"><img decoding=\"async\" src=\"https:\/\/s2.glbimg.com\/872Fi_Dgw4_9eSE6OcJcnYDIosI=\/0x0:1078x669\/984x0\/smart\/filters:strip_icc()\/i.s3.glbimg.com\/v1\/AUTH_59edd422c0c84a879bd37670ae4f538a\/internal_photos\/bs\/2019\/E\/9\/vN4qb2RfyiaRzma6pEzg\/vazamento-chile-predio.jpg\" alt=\"Segundo a imprensa chilena, vazamento de g\u00e1s ocorreu nesse edif\u00edcio residencial em bairro da regi\u00e3o central de Santiago \u2014 Foto: Reprodu\u00e7\u00e3o\/Google Maps\"\/><\/figure>\n\n\n\n<p>Segundo a imprensa chilena, vazamento de g\u00e1s ocorreu nesse edif\u00edcio residencial em bairro da regi\u00e3o central de Santiago \u2014 Foto: Reprodu\u00e7\u00e3o\/Google Maps<\/p>\n\n\n\n<p>Segundo o Itamaraty, um diplomata do Consulado do Brasil em Santiago foi alertado por um delegado brasileiro do incidente com a fam\u00edlia. O delegado teria sido avisado no Brasil por parentes das v\u00edtimas. A imprensa chilena informou que o diplomata foi o respons\u00e1vel por acionar a pol\u00edcia.<\/p>\n\n\n\n<p>O comandante da pol\u00edcia chilena, Rodrigo Soto, disse ao jornal &#8220;El Mercurio&#8221; que os policiais encontraram um forte cheiro do g\u00e1s quando entraram no apartamento. Bombeiros ainda fazem per\u00edcia para comprovar o vazamento. Eles trabalham com 3 hip\u00f3teses: pode ter vazado do aquecedor de \u00e1gua, do aquecedor geral ou do g\u00e1s de cozinha.<br><\/p>\n\n\n\n<p>O edif\u00edcio onde ocorreram as mortes fica na esquina das ruas Santo Domingo e Mosqueto, na regi\u00e3o conhecida como Bellas Artes, Centro de Santiago. As autoridades ainda n\u00e3o sabem o que causou o vazamento, nem por quanto tempo as v\u00edtimas respiraram o g\u00e1s.<\/p>\n\n\n\n<p>Ao todo, 25 bombeiros chilenos participaram da ocorr\u00eancia e o pr\u00e9dio foi todo evacuado durante o atendimento. Pelas condi\u00e7\u00f5es que foram encontrados os corpos, se presume que a intoxica\u00e7\u00e3o aconteceu muito tempo antes informou o comandante do Corpo de Bombeiros de Santiago, Diego Velasquez.<\/p>\n\n\n\n<p>A fam\u00edlia estava no apartamento desde domingo (19) alugado pela Airbnb. \u201cEstamos profundamente consternados com este tr\u00e1gico incidente. N\u00f3s nos solidarizamos com os familiares e estamos em contato para prestar todo apoio necess\u00e1rio aos familiares neste momento dif\u00edcil. A seguran\u00e7a de nossa comunidade de viajantes e anfitri\u00f5es \u00e9 a nossa total prioridade\u201d, informou por meio de nota. A companhia tamb\u00e9m informou que est\u00e1 em contato com a fam\u00edlia para providenciar o traslado dos corpos para o Brasil.<\/p>\n\n\n\n<p>Daniel Souza, que \u00e9 irm\u00e3o de Fabiano, chegou a tentar ligar, mas n\u00e3o conseguiu contato. \u201cEra um baita de um irm\u00e3o. N\u00e3o desejo nem para um inimigo. Uma tristeza muito grande, perder a fam\u00edlia toda n\u00e3o \u00e9 f\u00e1cil. A \u00faltima vez que falei pessoalmente com ele foi no dia que levei no aeroporto, depois pelo Whatsapp. Estava mandando fotos da viagem. Ontem eu tentei ligar para ele e n\u00e3o consegui. Tocava, mas n\u00e3o atendia\u201d, disse.<br><\/p>\n\n\n\n<p>Uma amiga das v\u00edtimas e fot\u00f3grafa Amanda Silva Rosa tamb\u00e9m contou sobre o momento em que D\u00e9bora entrou em contato com a fam\u00edlia na Grande Florian\u00f3polis. \u201cA D\u00e9bora entrou em contato com a fam\u00edlia e foi a \u00faltima a falecer. Mas ela viu todos morrerem. Ela achou que eles estavam tendo uma crise convulsiva. O pequeno de 13 anos, ele estava totalmente roxo. Ele conseguiu mandar foto do marido. Mas, a gente deletou porque foi muito forte\u201d, disse a amiga.<\/p>\n\n\n\n<h2 class=\"wp-block-heading\">Luto<\/h2>\n\n\n\n<p>O governo do estado divulgou uma nota de pesar e informou que se solidariza com familiares e amigos. Al\u00e9m disso, disse que acompanha a investiga\u00e7\u00e3o das circunst\u00e2ncias das mortes pelas autoridades chilenas.<\/p>\n\n\n\n<p>A Prefeitura de Bigua\u00e7u tamb\u00e9m tamb\u00e9m prestou solidariedade e decretou luto oficial por tr\u00eas dias. &#8220;A Prefeitura de Bigua\u00e7u est\u00e1, neste momento, em contato com autoridades estaduais e federais para tratar de quest\u00f5es como o traslado dos corpos e local para realiza\u00e7\u00e3o do vel\u00f3rio coletivo&#8221;, informou.<\/p>\n\n\n\n<p>O Instituto Adventista de Tecnologia (IATec), por meio de nota, lamentou profundamente a morte do funcion\u00e1rio Jonathas. Ele era chefe do Departamento Pessoal e trabalhava na entidade h\u00e1 3 anos e meio. &#8220;O IATec acompanha as informa\u00e7\u00f5es e desdobramentos do assunto por meio das autoridades do Chile. [&#8230;] O colaborador estava em per\u00edodo de f\u00e9rias. [&#8230;] O IATec est\u00e1 oferecendo todo apoio aos familiares neste momento dif\u00edcil e de profundo pesar&#8221;.<\/p>\n\n\n\n<p>A Secretaria de Estado da Educa\u00e7\u00e3o (SED), onde os adolescentes estudavam lamentou as mortes. Karoliny cursava o 1\u00ba ano do Ensino M\u00e9dio na Escola de Educa\u00e7\u00e3o B\u00e1sica Aderbal Ramos da Silva, em Florian\u00f3polis, e Felipe era aluno do 9\u00ba ano do Ensino Fundamental na Escola de Educa\u00e7\u00e3o B\u00e1sica Professor Jos\u00e9 Bras\u00edlicio, em Bigua\u00e7u.<\/p>\n\n\n\n<p>A Escola de Educa\u00e7\u00e3o B\u00e1sica Professor Jos\u00e9 Bas\u00edlico (EEB), que fica no Centro de Bigua\u00e7u, na Grande Florian\u00f3polis, lamentou a morte dos irm\u00e3os pelas redes sociais. Karoliny havia conclu\u00eddo os estudos na unidade de ensino no ano passado e Felipe se formaria este ano na unidade de ensino. A diretora da escola, Grasiela Monteiro Epping, que tamb\u00e9m \u00e9 professora de ingl\u00eas, disse que deu aula para eles desde a creche e que eram alunos excepcionais.<\/p>\n\n\n\n<figure class=\"wp-block-image\"><img decoding=\"async\" src=\"https:\/\/s2.glbimg.com\/oIzwIVnr5vcW9j8V4QhLVSJLuPU=\/0x0:468x739\/984x0\/smart\/filters:strip_icc()\/i.s3.glbimg.com\/v1\/AUTH_59edd422c0c84a879bd37670ae4f538a\/internal_photos\/bs\/2019\/5\/N\/P50LnoTBA5KRJAgYUG2g\/escola-editado.png\" alt=\"Escola lamentou a morte da fam\u00edlia nas redes sociais \u2014 Foto: Reprodu\u00e7\u00e3o\"\/><\/figure>\n\n\n\n<p>Escola lamentou a morte da fam\u00edlia nas redes sociais \u2014 Foto: Reprodu\u00e7\u00e3o<\/p>\n\n\n\n<figure class=\"wp-block-image\"><img decoding=\"async\" src=\"https:\/\/s2.glbimg.com\/H6rhd7FYAJRzEZsMIlUq21tQsWY=\/0x0:1600x1691\/984x0\/smart\/filters:strip_icc()\/i.s3.glbimg.com\/v1\/AUTH_59edd422c0c84a879bd37670ae4f538a\/internal_photos\/bs\/2019\/l\/g\/FONBL8T3mshzrsDBOYMA\/brasileirosencontradosmortosemsantiago.png\" alt=\"Localiza\u00e7\u00e3o de pr\u00e9dio em Santiago onde brasileiros foram encontrados mortos \u2014 Foto: Guilherme Luiz Pinheiro\/G1\"\/><\/figure>\n\n\n\n<p>Localiza\u00e7\u00e3o de pr\u00e9dio em Santiago onde brasileiros foram encontrados mortos \u2014 Foto: Guilherme Luiz Pinheiro\/G1<\/p>\n\n\n\n<p>G1<br><\/p>\n\n\n\n<p><br><\/p>\n\n\n\n<p><br><\/p>\n\n\n\n<p><br><\/p>\n","protected":false},"excerpt":{"rendered":"<p>Corpos de pai, m\u00e3e, filhos adolescentes e tios foram achados em apartamento no Centro de Santiago. Bombeiros suspeitam de vazamento de g\u00e1s. A identidade dos seis brasileiros\u00a0encontrados mortos em um apartamento em Santiago, no Chile, nesta quarta-feira (22), foi informada por uma parente da fam\u00edlia nesta quinta-feira. Cinco das v\u00edtimas eram catarinenses e uma, goiana. [&hellip;]<\/p>\n","protected":false},"author":2,"featured_media":11448,"comment_status":"open","ping_status":"open","sticky":false,"template":"","format":"standard","meta":{"advanced_seo_description":"","jetpack_seo_html_title":"","jetpack_seo_noindex":false,"_jetpack_memberships_contains_paid_content":false,"footnotes":""},"categories":[40],"tags":[],"class_list":{"0":"post-11443","1":"post","2":"type-post","3":"status-publish","4":"format-standard","5":"has-post-thumbnail","7":"category-destaques"},"jetpack_featured_media_url":"https:\/\/www.paranapraia.com.br\/wp-content\/uploads\/2019\/05\/famm.jpg","jetpack_sharing_enabled":true,"_links":{"self":[{"href":"https:\/\/www.paranapraia.com.br\/index.php\/wp-json\/wp\/v2\/posts\/11443"}],"collection":[{"href":"https:\/\/www.paranapraia.com.br\/index.php\/wp-json\/wp\/v2\/posts"}],"about":[{"href":"https:\/\/www.paranapraia.com.br\/index.php\/wp-json\/wp\/v2\/types\/post"}],"author":[{"embeddable":true,"href":"https:\/\/www.paranapraia.com.br\/index.php\/wp-json\/wp\/v2\/users\/2"}],"replies":[{"embeddable":true,"href":"https:\/\/www.paranapraia.com.br\/index.php\/wp-json\/wp\/v2\/comments?post=11443"}],"version-history":[{"count":1,"href":"https:\/\/www.paranapraia.com.br\/index.php\/wp-json\/wp\/v2\/posts\/11443\/revisions"}],"predecessor-version":[{"id":11449,"href":"https:\/\/www.paranapraia.com.br\/index.php\/wp-json\/wp\/v2\/posts\/11443\/revisions\/11449"}],"wp:featuredmedia":[{"embeddable":true,"href":"https:\/\/www.paranapraia.com.br\/index.php\/wp-json\/wp\/v2\/media\/11448"}],"wp:attachment":[{"href":"https:\/\/www.paranapraia.com.br\/index.php\/wp-json\/wp\/v2\/media?parent=11443"}],"wp:term":[{"taxonomy":"category","embeddable":true,"href":"https:\/\/www.paranapraia.com.br\/index.php\/wp-json\/wp\/v2\/categories?post=11443"},{"taxonomy":"post_tag","embeddable":true,"href":"https:\/\/www.paranapraia.com.br\/index.php\/wp-json\/wp\/v2\/tags?post=11443"}],"curies":[{"name":"wp","href":"https:\/\/api.w.org\/{rel}","templated":true}]}}